{"id":10689,"date":"2025-03-31T14:00:15","date_gmt":"2025-03-31T14:00:15","guid":{"rendered":"https:\/\/www.investment.com.al\/?post_type=newsletter_ic&#038;p=10689"},"modified":"2025-04-24T14:50:24","modified_gmt":"2025-04-24T14:50:24","slug":"keshilli-investimeve-buletini-informativ-janar-mars-2025","status":"publish","type":"newsletter_ic","link":"https:\/\/www.investment.com.al\/sq\/newsletter_ic\/keshilli-investimeve-buletini-informativ-janar-mars-2025\/","title":{"rendered":"Buletini Informativ, Janar &#8211; Mars 2025"},"content":{"rendered":"\t\t<div data-elementor-type=\"wp-post\" data-elementor-id=\"10689\" class=\"elementor elementor-10689\" data-elementor-post-type=\"newsletter_ic\">\n\t\t\t\t\t\t\t\t\t<section class=\"elementor-section elementor-top-section elementor-element elementor-element-d59b88f elementor-section-full_width elementor-section-height-default elementor-section-height-default\" data-id=\"d59b88f\" data-element_type=\"section\">\n\t\t\t\t\t\t<div class=\"elementor-container elementor-column-gap-default\">\n\t\t\t\t\t<div class=\"elementor-column elementor-col-100 elementor-top-column elementor-element elementor-element-7fc33de\" data-id=\"7fc33de\" data-element_type=\"column\">\n\t\t\t<div class=\"elementor-widget-wrap elementor-element-populated\">\n\t\t\t\t\t\t\t\t<div class=\"elementor-element elementor-element-4cece5c elementor-widget elementor-widget-heading\" data-id=\"4cece5c\" data-element_type=\"widget\" data-widget_type=\"heading.default\">\n\t\t\t\t<div class=\"elementor-widget-container\">\n\t\t\t<style>\/*! elementor - v3.18.0 - 20-12-2023 *\/\n.elementor-heading-title{padding:0;margin:0;line-height:1}.elementor-widget-heading .elementor-heading-title[class*=elementor-size-]>a{color:inherit;font-size:inherit;line-height:inherit}.elementor-widget-heading .elementor-heading-title.elementor-size-small{font-size:15px}.elementor-widget-heading .elementor-heading-title.elementor-size-medium{font-size:19px}.elementor-widget-heading .elementor-heading-title.elementor-size-large{font-size:29px}.elementor-widget-heading .elementor-heading-title.elementor-size-xl{font-size:39px}.elementor-widget-heading .elementor-heading-title.elementor-size-xxl{font-size:59px}<\/style><h2 class=\"elementor-heading-title elementor-size-default\">Mbi Mbledhjen  Ardhshme t\u00eb K\u00ebshillit t\u00eb Investimeve<\/h2>\t\t<\/div>\n\t\t\t\t<\/div>\n\t\t\t\t<div class=\"elementor-element elementor-element-6ce7b6b elementor-widget elementor-widget-heading\" data-id=\"6ce7b6b\" data-element_type=\"widget\" data-widget_type=\"heading.default\">\n\t\t\t\t<div class=\"elementor-widget-container\">\n\t\t\t<h4 class=\"elementor-heading-title elementor-size-default\">Janar 2025<\/h4>\t\t<\/div>\n\t\t\t\t<\/div>\n\t\t\t\t<div class=\"elementor-element elementor-element-08391c5 elementor-widget elementor-widget-text-editor\" data-id=\"08391c5\" data-element_type=\"widget\" data-widget_type=\"text-editor.default\">\n\t\t\t\t<div class=\"elementor-widget-container\">\n\t\t\t<style>\/*! elementor - v3.18.0 - 20-12-2023 *\/\n.elementor-widget-text-editor.elementor-drop-cap-view-stacked .elementor-drop-cap{background-color:#69727d;color:#fff}.elementor-widget-text-editor.elementor-drop-cap-view-framed .elementor-drop-cap{color:#69727d;border:3px solid;background-color:transparent}.elementor-widget-text-editor:not(.elementor-drop-cap-view-default) .elementor-drop-cap{margin-top:8px}.elementor-widget-text-editor:not(.elementor-drop-cap-view-default) .elementor-drop-cap-letter{width:1em;height:1em}.elementor-widget-text-editor .elementor-drop-cap{float:left;text-align:center;line-height:1;font-size:50px}.elementor-widget-text-editor .elementor-drop-cap-letter{display:inline-block}<\/style>\t\t\t\t<p><span style=\"font-weight: 400;\">Mbledhja e ardhshme e K\u00ebshillit t\u00eb Investimeve (KI) do t\u00eb fokusohet n\u00eb pritshm\u00ebrit\u00eb e biznesit mbi digjitalizimin e sh\u00ebrbimeve t\u00eb administrat\u00ebs vendore. Tema \u00ebsht\u00eb p\u00ebrzgjedhur si prioritet nga p\u00ebrfaq\u00ebsuesit e biznesit p\u00ebrmes procesit t\u00eb votimit t\u00eb agjend\u00ebs s\u00eb K\u00ebshillit. Diskutimi synon t\u00eb nxis\u00eb dialogun mbi perceptimet e sektorit privat n\u00eb kuadrin nismave digjitale lokale, n\u00eb p\u00ebrputhje me Agjend\u00ebn Digjitale t\u00eb Shqip\u00ebris\u00eb 2022\u20132026 dhe Planin e Rritjes s\u00eb BE-s\u00eb.<\/span><\/p><p>\u00a0<\/p><p><span style=\"font-weight: 400;\">Gjat\u00eb pun\u00ebs s\u00eb tij, KI ka adresuar nj\u00eb s\u00ebr\u00eb temash q\u00eb lidhen me nd\u00ebrveprimin e bizneseve me autoritetet vendore, duke p\u00ebrfshir\u00eb p\u00ebrdorimin e platform\u00ebs s\u00eb e-lejeve, informalitetin n\u00eb sektorin e turizmit, procesin e inspektimeve dhe cil\u00ebsin\u00eb e sh\u00ebrbimeve t\u00eb digjitalizuara p\u00ebr bizneset. Diskutimet kan\u00eb p\u00ebrfshir\u00eb gjithashtu dimensione ligjore dhe rregullatore t\u00eb ofrimit t\u00eb sh\u00ebrbimeve n\u00eb nivel bashkiak.<\/span><\/p>\t\t\t\t\t\t<\/div>\n\t\t\t\t<\/div>\n\t\t\t\t<div class=\"elementor-element elementor-element-a4c3738 elementor-widget elementor-widget-heading\" data-id=\"a4c3738\" data-element_type=\"widget\" data-widget_type=\"heading.default\">\n\t\t\t\t<div class=\"elementor-widget-container\">\n\t\t\t<h2 class=\"elementor-heading-title elementor-size-default\">Takime Konsultative mbi Sfidat e Biznesit n\u00eb Nivel Vendor<\/h2>\t\t<\/div>\n\t\t\t\t<\/div>\n\t\t\t\t<div class=\"elementor-element elementor-element-c7ea02d elementor-widget elementor-widget-heading\" data-id=\"c7ea02d\" data-element_type=\"widget\" data-widget_type=\"heading.default\">\n\t\t\t\t<div class=\"elementor-widget-container\">\n\t\t\t<h4 class=\"elementor-heading-title elementor-size-default\">Shkurt-mars 2025<\/h4>\t\t<\/div>\n\t\t\t\t<\/div>\n\t\t\t\t<div class=\"elementor-element elementor-element-77afac2 elementor-widget elementor-widget-text-editor\" data-id=\"77afac2\" data-element_type=\"widget\" data-widget_type=\"text-editor.default\">\n\t\t\t\t<div class=\"elementor-widget-container\">\n\t\t\t\t\t\t\t<p><span style=\"font-weight: 400;\">N\u00eb kuad\u00ebr t\u00eb p\u00ebrgatitjeve p\u00ebr mbledhjen e ardhshme t\u00eb KI, Sekretariati zhvilloi konsultime me p\u00ebrfaq\u00ebsues t\u00eb biznesit dhe pushtetit vendor n\u00eb bashkit\u00eb Tiran\u00eb, Elbasan, Kor\u00e7\u00eb, Kolonj\u00eb, Durr\u00ebs dhe Lushnje. Konsultimet u fokusuan mbi sfidat dhe pritshm\u00ebrit\u00eb e sektorit privat lidhur me ofrimin e sh\u00ebrbimeve administrative n\u00eb nivel lokal. \u00c7\u00ebshtjet kryesore t\u00eb diskutuara p\u00ebrfshinin:<\/span><\/p><ul><li style=\"font-weight: 400;\" aria-level=\"1\"><span style=\"font-weight: 400;\">Nevoj\u00ebn p\u00ebr p\u00ebrshpejtimin e digjitalizimit dhe p\u00ebrdorimin m\u00eb t\u00eb gjer\u00eb t\u00eb platformave elektronike p\u00ebr t\u00eb reduktuar burokracin\u00eb;<\/span><\/li><li style=\"font-weight: 400;\" aria-level=\"1\"><span style=\"font-weight: 400;\">P\u00ebrvojat e bizneseve me sh\u00ebrbimet ekzistuese, p\u00ebrfshir\u00eb modelet si One-Stop-Shop dhe e-lejet;<\/span><\/li><li style=\"font-weight: 400;\" aria-level=\"1\"><span style=\"font-weight: 400;\">Gatishm\u00ebrin\u00eb p\u00ebr kalimin nga sh\u00ebrbimet tradicionale n\u00eb ato digjitale;<\/span><\/li><li style=\"font-weight: 400;\" aria-level=\"1\"><span style=\"font-weight: 400;\">Transparenc\u00ebn n\u00eb nd\u00ebrveprimet mes bizneseve dhe bashkive.<\/span><\/li><\/ul>\t\t\t\t\t\t<\/div>\n\t\t\t\t<\/div>\n\t\t\t\t<div class=\"elementor-element elementor-element-d160e4c elementor-widget elementor-widget-heading\" data-id=\"d160e4c\" data-element_type=\"widget\" data-widget_type=\"heading.default\">\n\t\t\t\t<div class=\"elementor-widget-container\">\n\t\t\t<h2 class=\"elementor-heading-title elementor-size-default\">Anket\u00eb: Perceptimet e Biznesit mbi Digjitalizimin e Sh\u00ebrbimeve Vendore<\/h2>\t\t<\/div>\n\t\t\t\t<\/div>\n\t\t\t\t<div class=\"elementor-element elementor-element-48fc57d elementor-widget elementor-widget-heading\" data-id=\"48fc57d\" data-element_type=\"widget\" data-widget_type=\"heading.default\">\n\t\t\t\t<div class=\"elementor-widget-container\">\n\t\t\t<h4 class=\"elementor-heading-title elementor-size-default\">Shkurt-mars 2025\n<\/h4>\t\t<\/div>\n\t\t\t\t<\/div>\n\t\t\t\t<div class=\"elementor-element elementor-element-7ba45bc elementor-widget elementor-widget-text-editor\" data-id=\"7ba45bc\" data-element_type=\"widget\" data-widget_type=\"text-editor.default\">\n\t\t\t\t<div class=\"elementor-widget-container\">\n\t\t\t\t\t\t\t<p><span style=\"font-weight: 400;\">Sekretariati i KI zhvilloi nj\u00eb anket\u00eb online me pjes\u00ebmarrjen e 163 bizneseve, me synim mbledhjen e perceptimeve mbi pritshm\u00ebrit\u00eb dhe sfidat e digjitalizimit t\u00eb sh\u00ebrbimeve publike vendore.<\/span><\/p><p><span style=\"font-weight: 400;\">Fokus i anket\u00ebs ishin:<\/span><\/p><ul><li style=\"font-weight: 400;\" aria-level=\"1\"><span style=\"font-weight: 400;\">Vler\u00ebsimi i sh\u00ebrbimeve publike vendore t\u00eb ofruara n\u00eb m\u00ebnyr\u00eb digjitale (online apo fizike);<\/span><\/li><li style=\"font-weight: 400;\" aria-level=\"1\"><span style=\"font-weight: 400;\">K\u00ebnaq\u00ebsia e bizneseve lidhur me cil\u00ebsin\u00eb dhe kostot e k\u00ebtyre sh\u00ebrbimeve;<\/span><\/li><li style=\"font-weight: 400;\" aria-level=\"1\"><span style=\"font-weight: 400;\">Prioritetet p\u00ebr digjitalizimin e m\u00ebtejsh\u00ebm t\u00eb sh\u00ebrbimeve;<\/span><\/li><li style=\"font-weight: 400;\" aria-level=\"1\"><span style=\"font-weight: 400;\">Nd\u00ebrveprimi me bashkit\u00eb, p\u00ebrfshir\u00eb aspektet e komunikimit, transparenc\u00ebs dhe informimit.<\/span><\/li><\/ul><p><span style=\"font-weight: 400;\">Gjetjet e anket\u00ebs do t\u00eb prezantohen n\u00eb mbledhjen e ardhshme t\u00eb K\u00ebshillit t\u00eb Investimeve dhe m\u00eb pas do t\u00eb publikohen n\u00eb faqen zyrtare dhe kanalet sociale t\u00eb KI-s\u00eb.<\/span><\/p>\t\t\t\t\t\t<\/div>\n\t\t\t\t<\/div>\n\t\t\t\t<div class=\"elementor-element elementor-element-dfb2892 elementor-widget elementor-widget-heading\" data-id=\"dfb2892\" data-element_type=\"widget\" data-widget_type=\"heading.default\">\n\t\t\t\t<div class=\"elementor-widget-container\">\n\t\t\t<h2 class=\"elementor-heading-title elementor-size-default\">K\u00ebshilli i Investimeve si nxit\u00ebs i politikave mb\u00ebshtet\u00ebse p\u00ebr aksesin n\u00eb financ\u00eb <\/h2>\t\t<\/div>\n\t\t\t\t<\/div>\n\t\t\t\t<div class=\"elementor-element elementor-element-6950130 elementor-widget elementor-widget-heading\" data-id=\"6950130\" data-element_type=\"widget\" data-widget_type=\"heading.default\">\n\t\t\t\t<div class=\"elementor-widget-container\">\n\t\t\t<h4 class=\"elementor-heading-title elementor-size-default\">5 shkurt 2025<\/h4>\t\t<\/div>\n\t\t\t\t<\/div>\n\t\t\t\t<div class=\"elementor-element elementor-element-83dd8a6 elementor-widget elementor-widget-text-editor\" data-id=\"83dd8a6\" data-element_type=\"widget\" data-widget_type=\"text-editor.default\">\n\t\t\t\t<div class=\"elementor-widget-container\">\n\t\t\t\t\t\t\t<p><span style=\"font-weight: 400;\">N\u00eb vijim t\u00eb kontributit t\u00eb vazhduesh\u00ebm t\u00eb K\u00ebshillit t\u00eb Investimeve p\u00ebr leht\u00ebsimin e klim\u00ebs s\u00eb biznesit dhe identifikimin e sfidave kryesore q\u00eb p\u00ebrballen bizneset e vogla dhe t\u00eb mesme, Banka e Shqip\u00ebris\u00eb ka miratuar s\u00eb fundmi nj\u00eb program t\u00eb ri p\u00ebr mb\u00ebshtetjen financiare t\u00eb k\u00ebsaj kategorie. Ky program, n\u00eb vler\u00ebn prej rreth 25 miliard\u00eb lek\u00ebsh, u konceptua si p\u00ebrgjigje ndaj k\u00ebrkesave t\u00eb p\u00ebrs\u00ebritura t\u00eb komunitetit t\u00eb biznesit, t\u00eb artikuluara kryesisht n\u00ebp\u00ebrmjet platform\u00ebs s\u00eb K\u00ebshillit t\u00eb Investimeve. P\u00ebrmes k\u00ebtij bashk\u00ebpunimi t\u00eb frytsh\u00ebm institucional, pritet t\u00eb zgjerohet aksesi n\u00eb financim p\u00ebr sektor\u00ebt m\u00eb t\u00eb n\u00ebnfinancuar, si bujq\u00ebsia dhe agroturizmi, me kushte t\u00eb favorshme kredie dhe norma interesi t\u00eb subvencionuara, \u00e7ka do t\u00eb thot\u00eb se \u00e7do biznes i vog\u00ebl e i mes\u00ebm mund t\u00eb p\u00ebrfitoj\u00eb kredi deri n\u00eb nivelin e 25 milion\u00eb lek\u00ebve.<\/span><\/p>\t\t\t\t\t\t<\/div>\n\t\t\t\t<\/div>\n\t\t\t\t<div class=\"elementor-element elementor-element-86f90c1 elementor-widget elementor-widget-heading\" data-id=\"86f90c1\" data-element_type=\"widget\" data-widget_type=\"heading.default\">\n\t\t\t\t<div class=\"elementor-widget-container\">\n\t\t\t<h2 class=\"elementor-heading-title elementor-size-default\">Bashk\u00ebpunim me Akademin\u00eb - Konkursi \u201cTung Ideve 2025\u201d <\/h2>\t\t<\/div>\n\t\t\t\t<\/div>\n\t\t\t\t<div class=\"elementor-element elementor-element-e62ca2d elementor-widget elementor-widget-heading\" data-id=\"e62ca2d\" data-element_type=\"widget\" data-widget_type=\"heading.default\">\n\t\t\t\t<div class=\"elementor-widget-container\">\n\t\t\t<h4 class=\"elementor-heading-title elementor-size-default\">28 shkurt 2025<\/h4>\t\t<\/div>\n\t\t\t\t<\/div>\n\t\t\t\t<div class=\"elementor-element elementor-element-174806e elementor-widget elementor-widget-text-editor\" data-id=\"174806e\" data-element_type=\"widget\" data-widget_type=\"text-editor.default\">\n\t\t\t\t<div class=\"elementor-widget-container\">\n\t\t\t\t\t\t\t<p><span style=\"font-weight: 400;\">Drejtuesja e Sekretariatit t\u00eb K\u00ebshillit t\u00eb Investimeve mori pjes\u00eb si an\u00ebtare jurie n\u00eb konkursin e p\u00ebrvitsh\u00ebm \u201cTung Ideve 2025\u201d, organizuar nga Universiteti Epoka. N\u00eb k\u00ebt\u00eb aktivitet, student\u00eb nga shkolla t\u00eb ndryshme t\u00eb vendit paraqit\u00ebn idet\u00eb e tyre novatore dhe konkuruan p\u00ebr \u00e7mimin \u201cStartup-i m\u00eb i mir\u00eb\u201d. Pjes\u00ebmarrja n\u00eb k\u00ebt\u00eb nism\u00eb pasqyron angazhimin p\u00ebr advokimin e rekomandimeve t\u00eb KI dhe nxitjen e\u00a0 sip\u00ebrmarrjes n\u00eb mesin e t\u00eb rinjve p\u00ebr krijimin e nj\u00eb ekosistemi t\u00eb q\u00ebndruesh\u00ebm inovacioni, ku bashk\u00ebpunimi nd\u00ebrmjet akademis\u00eb, sektorit privat dhe institucioneve publike luan nj\u00eb rol thelb\u00ebsor n\u00eb zhvillimin e q\u00ebndruesh\u00ebm ekonomik. <\/span><\/p>\t\t\t\t\t\t<\/div>\n\t\t\t\t<\/div>\n\t\t\t\t<div class=\"elementor-element elementor-element-4e26ed6 elementor-widget elementor-widget-heading\" data-id=\"4e26ed6\" data-element_type=\"widget\" data-widget_type=\"heading.default\">\n\t\t\t\t<div class=\"elementor-widget-container\">\n\t\t\t<h2 class=\"elementor-heading-title elementor-size-default\">Dialog me Sektorin Privat mbi Ligjin e Ri p\u00ebr Mbrojtjen e t\u00eb Dh\u00ebnave Personale <\/h2>\t\t<\/div>\n\t\t\t\t<\/div>\n\t\t\t\t<div class=\"elementor-element elementor-element-a0f2420 elementor-widget elementor-widget-heading\" data-id=\"a0f2420\" data-element_type=\"widget\" data-widget_type=\"heading.default\">\n\t\t\t\t<div class=\"elementor-widget-container\">\n\t\t\t<h4 class=\"elementor-heading-title elementor-size-default\">10 mars 2025<\/h4>\t\t<\/div>\n\t\t\t\t<\/div>\n\t\t\t\t<div class=\"elementor-element elementor-element-4680735 elementor-widget elementor-widget-text-editor\" data-id=\"4680735\" data-element_type=\"widget\" data-widget_type=\"text-editor.default\">\n\t\t\t\t<div class=\"elementor-widget-container\">\n\t\t\t\t\t\t\t<p><span style=\"font-weight: 400;\">Sekretariati i KI, n\u00eb bashk\u00ebpunim me Zyr\u00ebn e Komisionerit p\u00ebr t\u00eb Drejt\u00ebn e Informimit dhe Mbrojtjen e t\u00eb Dh\u00ebnave Personale (IDP) dhe Shoqat\u00ebn e Investitor\u00ebve t\u00eb Huaj n\u00eb Shqip\u00ebri (FIAA), organizoi nj\u00eb takim konsultativ me mbi 40 p\u00ebrfaq\u00ebsues t\u00eb sektorit privat mbi Ligjin nr. 124\/2024 \u201cP\u00ebr Mbrojtjen e t\u00eb Dh\u00ebnave Personale\u201d.<\/span><\/p><p><span style=\"font-weight: 400;\">Q\u00ebllimi i aktivitetit ishte rritja e nd\u00ebrgjegj\u00ebsimit mbi t\u00eb drejtat dhe detyrimet q\u00eb burojn\u00eb nga kuadri i ri ligjor, si dhe identifikimi i disa prej sfidave praktike me t\u00eb cilat bizneset mund t\u00eb p\u00ebrballen gjat\u00eb zbatimit t\u00eb tij. Diskutimi theksoi nevoj\u00ebn p\u00ebr forcimin e bashk\u00ebpunimit nd\u00ebrinstitucional dhe p\u00ebr ofrimin e mb\u00ebshtetjes teknike p\u00ebr sektorin privat, me synim p\u00ebrshtatjen efektive me ligjin e ri dhe harmonizimin me standardet e Bashkimit Evropian.<\/span><\/p>\t\t\t\t\t\t<\/div>\n\t\t\t\t<\/div>\n\t\t\t\t<div class=\"elementor-element elementor-element-9f0d697 elementor-widget elementor-widget-button\" data-id=\"9f0d697\" data-element_type=\"widget\" data-widget_type=\"button.default\">\n\t\t\t\t<div class=\"elementor-widget-container\">\n\t\t\t\t\t<div class=\"elementor-button-wrapper\">\n\t\t\t<a class=\"elementor-button elementor-button-link elementor-size-sm\" href=\"https:\/\/www.investment.com.al\/sq\/zbatimi-i-ligjit-per-mbrojtjen-e-te-dhenave-personale-sfida-dhe-detyrime-per-bizneset\/\" target=\"_blank\">\n\t\t\t\t\t\t<span class=\"elementor-button-content-wrapper\">\n\t\t\t\t\t\t<span class=\"elementor-button-icon elementor-align-icon-right\">\n\t\t\t\t<i aria-hidden=\"true\" class=\"fas fa-angle-right\"><\/i>\t\t\t<\/span>\n\t\t\t\t\t\t<span class=\"elementor-button-text\">Lexo m\u00eb shum\u00eb<\/span>\n\t\t<\/span>\n\t\t\t\t\t<\/a>\n\t\t<\/div>\n\t\t\t\t<\/div>\n\t\t\t\t<\/div>\n\t\t\t\t<div class=\"elementor-element elementor-element-c9faee5 elementor-widget elementor-widget-heading\" data-id=\"c9faee5\" data-element_type=\"widget\" data-widget_type=\"heading.default\">\n\t\t\t\t<div class=\"elementor-widget-container\">\n\t\t\t<h2 class=\"elementor-heading-title elementor-size-default\">Kontribut n\u00eb Takimin Rajonal \u201cTregu i P\u00ebrbashk\u00ebt Rajonal \u2013 Nj\u00eb Rrug\u00eb e P\u00ebrshpejtuar drejt Integrimit Ekonomik Evropian\u201d<\/h2>\t\t<\/div>\n\t\t\t\t<\/div>\n\t\t\t\t<div class=\"elementor-element elementor-element-9084e03 elementor-widget elementor-widget-heading\" data-id=\"9084e03\" data-element_type=\"widget\" data-widget_type=\"heading.default\">\n\t\t\t\t<div class=\"elementor-widget-container\">\n\t\t\t<h4 class=\"elementor-heading-title elementor-size-default\">26 mars 2025<\/h4>\t\t<\/div>\n\t\t\t\t<\/div>\n\t\t\t\t<div class=\"elementor-element elementor-element-128b569 elementor-widget elementor-widget-text-editor\" data-id=\"128b569\" data-element_type=\"widget\" data-widget_type=\"text-editor.default\">\n\t\t\t\t<div class=\"elementor-widget-container\">\n\t\t\t\t\t\t\t<p><span style=\"font-weight: 400;\">N\u00eb kuad\u00ebr t\u00eb kryesimit t\u00eb Shqip\u00ebris\u00eb t\u00eb Procesit t\u00eb Bashk\u00ebpunimit t\u00eb Evrop\u00ebs Juglindore (SEECP), Ministria e Ekonomis\u00eb, Kultur\u00ebs dhe Inovacionit (MEKI) organizoi nj\u00eb takimi rajonal mbi Tregun e P\u00ebrbashk\u00ebt. Aktiviteti mblodhi p\u00ebrfaq\u00ebsues t\u00eb vendeve t\u00eb rajonit, institucioneve t\u00eb BE-s\u00eb, aktor\u00eb vendas dhe p\u00ebrfaq\u00ebsues t\u00eb biznesit.<\/span><\/p><p><span style=\"font-weight: 400;\">Drejtuesja e Sekretariatit t\u00eb KI, znj. Diana Leka (Angoni), kontribuoi n\u00eb panelin e diskutimit mbi sfidat me t\u00eb cilat p\u00ebrballet biznesi vendas n\u00eb kuad\u00ebr t\u00eb integrimit t\u00eb p\u00ebrshpejtuar evropian ku prioritizoi r\u00ebnd\u00ebsin\u00eb e mb\u00ebshtetjes s\u00eb sektor\u00ebve me potencial eksportues dhe harmonizimit me standardet e BE-s\u00eb. Ajo b\u00ebri thirrje p\u00ebr politika t\u00eb fokusuara n\u00eb rritjen e cil\u00ebsis\u00eb, forcimin e nd\u00ebrgjegj\u00ebsimit t\u00eb sip\u00ebrmarr\u00ebsve mbi k\u00ebrkesat q\u00eb rrjedhin nga transpozimi i legjislacionit evropian. <\/span><\/p>\t\t\t\t\t\t<\/div>\n\t\t\t\t<\/div>\n\t\t\t\t<div class=\"elementor-element elementor-element-ba76c5c elementor-widget elementor-widget-heading\" data-id=\"ba76c5c\" data-element_type=\"widget\" data-widget_type=\"heading.default\">\n\t\t\t\t<div class=\"elementor-widget-container\">\n\t\t\t<h2 class=\"elementor-heading-title elementor-size-default\">RRETH K\u00cbSHILLIT T\u00cb INVESTIMEVE<\/h2>\t\t<\/div>\n\t\t\t\t<\/div>\n\t\t\t\t<div class=\"elementor-element elementor-element-542ef9a elementor-widget elementor-widget-heading\" data-id=\"542ef9a\" data-element_type=\"widget\" data-widget_type=\"heading.default\">\n\t\t\t\t<div class=\"elementor-widget-container\">\n\t\t\t<p class=\"elementor-heading-title elementor-size-default\">K\u00ebshilli i Investimeve \u00ebsht\u00eb nj\u00eb platform\u00eb e mb\u00ebshtetur nga Qeveria Shqiptare, Banka Evropiane p\u00ebr Rind\u00ebrtim dhe Zhvillim (BERZH) dhe Sekretariati Shtet\u00ebror Zvicerian p\u00ebr \u00c7\u00ebshtje Ekonomike (SECO) p\u00ebr t\u00eb nxitur dialogun publik-privat n\u00eb kuad\u00ebr t\u00eb p\u00ebrmir\u00ebsimit t\u00eb klim\u00ebs s\u00eb investimeve dhe nxitjes s\u00eb qeverisjes s\u00eb mir\u00eb n\u00eb vend.<\/p>\t\t<\/div>\n\t\t\t\t<\/div>\n\t\t\t\t\t<\/div>\n\t\t<\/div>\n\t\t\t\t\t\t\t<\/div>\n\t\t<\/section>\n\t\t\t\t\t\t\t<\/div>\n\t\t","protected":false},"featured_media":0,"template":"","categories":[243],"tags":[],"class_list":["post-10689","newsletter_ic","type-newsletter_ic","status-publish","hentry","category-buletine-informative-2025"],"acf":[],"_links":{"self":[{"href":"https:\/\/www.investment.com.al\/sq\/wp-json\/wp\/v2\/newsletter_ic\/10689","targetHints":{"allow":["GET"]}}],"collection":[{"href":"https:\/\/www.investment.com.al\/sq\/wp-json\/wp\/v2\/newsletter_ic"}],"about":[{"href":"https:\/\/www.investment.com.al\/sq\/wp-json\/wp\/v2\/types\/newsletter_ic"}],"version-history":[{"count":5,"href":"https:\/\/www.investment.com.al\/sq\/wp-json\/wp\/v2\/newsletter_ic\/10689\/revisions"}],"predecessor-version":[{"id":10712,"href":"https:\/\/www.investment.com.al\/sq\/wp-json\/wp\/v2\/newsletter_ic\/10689\/revisions\/10712"}],"wp:attachment":[{"href":"https:\/\/www.investment.com.al\/sq\/wp-json\/wp\/v2\/media?parent=10689"}],"wp:term":[{"taxonomy":"category","embeddable":true,"href":"https:\/\/www.investment.com.al\/sq\/wp-json\/wp\/v2\/categories?post=10689"},{"taxonomy":"post_tag","embeddable":true,"href":"https:\/\/www.investment.com.al\/sq\/wp-json\/wp\/v2\/tags?post=10689"}],"curies":[{"name":"wp","href":"https:\/\/api.w.org\/{rel}","templated":true}]}}