{"id":7260,"date":"2023-01-18T14:34:16","date_gmt":"2023-01-18T14:34:16","guid":{"rendered":"https:\/\/investment.com.al\/newsletter_ic\/albania-investment-council-main-news-january-june-2020\/"},"modified":"2023-01-18T16:30:07","modified_gmt":"2023-01-18T16:30:07","slug":"keshilli-investimeve-lajmet-kryesore-janar-qershor-2020","status":"publish","type":"newsletter_ic","link":"https:\/\/www.investment.com.al\/sq\/newsletter_ic\/keshilli-investimeve-lajmet-kryesore-janar-qershor-2020\/","title":{"rendered":"K\u00ebshilli Investimeve, Lajmet Kryesore, Janar &#8211; Qershor 2020"},"content":{"rendered":"\t\t<div data-elementor-type=\"wp-post\" data-elementor-id=\"7260\" class=\"elementor elementor-7260 elementor-7207\" data-elementor-post-type=\"newsletter_ic\">\n\t\t\t\t\t\t\t\t\t<section class=\"elementor-section elementor-top-section elementor-element elementor-element-684e3707 elementor-section-full_width elementor-section-height-default elementor-section-height-default\" data-id=\"684e3707\" data-element_type=\"section\">\n\t\t\t\t\t\t<div class=\"elementor-container elementor-column-gap-default\">\n\t\t\t\t\t<div class=\"elementor-column elementor-col-100 elementor-top-column elementor-element elementor-element-1c63191d\" data-id=\"1c63191d\" data-element_type=\"column\">\n\t\t\t<div class=\"elementor-widget-wrap elementor-element-populated\">\n\t\t\t\t\t\t\t\t<div class=\"elementor-element elementor-element-2c1ddd8f elementor-widget elementor-widget-heading\" data-id=\"2c1ddd8f\" data-element_type=\"widget\" data-widget_type=\"heading.default\">\n\t\t\t\t<div class=\"elementor-widget-container\">\n\t\t\t<style>\/*! elementor - v3.18.0 - 20-12-2023 *\/\n.elementor-heading-title{padding:0;margin:0;line-height:1}.elementor-widget-heading .elementor-heading-title[class*=elementor-size-]>a{color:inherit;font-size:inherit;line-height:inherit}.elementor-widget-heading .elementor-heading-title.elementor-size-small{font-size:15px}.elementor-widget-heading .elementor-heading-title.elementor-size-medium{font-size:19px}.elementor-widget-heading .elementor-heading-title.elementor-size-large{font-size:29px}.elementor-widget-heading .elementor-heading-title.elementor-size-xl{font-size:39px}.elementor-widget-heading .elementor-heading-title.elementor-size-xxl{font-size:59px}<\/style><h2 class=\"elementor-heading-title elementor-size-default\">\u00c7FAR\u00cb NEVOJITET T\u00cb P\u00cbRMIR\u00cbSOHET M\u00cb TEJ N\u00cb KUAD\u00cbR T\u00cb BASHK\u00cbPUNIMIT MIDIS BIZNESEVE DHE BASHKIVE<\/h2>\t\t<\/div>\n\t\t\t\t<\/div>\n\t\t\t\t<div class=\"elementor-element elementor-element-6788b5ac elementor-widget elementor-widget-heading\" data-id=\"6788b5ac\" data-element_type=\"widget\" data-widget_type=\"heading.default\">\n\t\t\t\t<div class=\"elementor-widget-container\">\n\t\t\t<h4 class=\"elementor-heading-title elementor-size-default\">27 Janar 2020<\/h4>\t\t<\/div>\n\t\t\t\t<\/div>\n\t\t\t\t<div class=\"elementor-element elementor-element-6166491 elementor-widget elementor-widget-heading\" data-id=\"6166491\" data-element_type=\"widget\" data-widget_type=\"heading.default\">\n\t\t\t\t<div class=\"elementor-widget-container\">\n\t\t\t<p class=\"elementor-heading-title elementor-size-default\">N\u00ebn drejtimin e Ministres s\u00eb Financave dhe Ekonomis\u00eb, znj. Anila Denaj, u zhvillua mbledhja e radh\u00ebs e K\u00ebshillit t\u00eb Investimeve me tem\u00eb diskutimi \u201cMbi nd\u00ebrveprimin Bashki-Biznes \u2013 Transparenca, Sh\u00ebrbimet dhe Zhvillimi Ekonomik Vendor\u201d. Objekti i analiz\u00ebs p\u00ebr k\u00ebt\u00eb mbledhje ishte aktualizimi i debatit mbi p\u00ebrmir\u00ebsimin e klim\u00ebs s\u00eb investimeve bazuar n\u00eb evidentimin e problematikave q\u00eb lidhen me nd\u00ebrveprimin biznes \u2013 bashki, me fokus: transparenca mbi taksat dhe tarifat vendore dhe VKB-t\u00eb e miratuara, sh\u00ebrbimet q\u00eb p\u00ebrfiton biznesi (proporcionaliteti, cil\u00ebsia e sh\u00ebrbimeve, standardi), si dhe roli i bashkive n\u00eb zhvillimin ekonomik vendor dhe nxitjen e investimeve<\/p>\t\t<\/div>\n\t\t\t\t<\/div>\n\t\t\t\t<div class=\"elementor-element elementor-element-472ee9da elementor-widget elementor-widget-button\" data-id=\"472ee9da\" data-element_type=\"widget\" data-widget_type=\"button.default\">\n\t\t\t\t<div class=\"elementor-widget-container\">\n\t\t\t\t\t<div class=\"elementor-button-wrapper\">\n\t\t\t<a class=\"elementor-button elementor-button-link elementor-size-sm\" href=\"\/sq\/keshilli-investimeve-diskuton-mbi-nderveprimin-bashki-biznes\/\">\n\t\t\t\t\t\t<span class=\"elementor-button-content-wrapper\">\n\t\t\t\t\t\t<span class=\"elementor-button-icon elementor-align-icon-right\">\n\t\t\t\t<i aria-hidden=\"true\" class=\"fas fa-angle-right\"><\/i>\t\t\t<\/span>\n\t\t\t\t\t\t<span class=\"elementor-button-text\">Lexo m\u00eb shum\u00eb<\/span>\n\t\t<\/span>\n\t\t\t\t\t<\/a>\n\t\t<\/div>\n\t\t\t\t<\/div>\n\t\t\t\t<\/div>\n\t\t\t\t<div class=\"elementor-element elementor-element-316cae9e elementor-widget elementor-widget-heading\" data-id=\"316cae9e\" data-element_type=\"widget\" data-widget_type=\"heading.default\">\n\t\t\t\t<div class=\"elementor-widget-container\">\n\t\t\t<h2 class=\"elementor-heading-title elementor-size-default\">K\u00cbSHILLI I INVESTIMEVE N\u00cb MB\u00cbSHTETJE T\u00cb SIP\u00cbRMARRJES GJAT\u00cb SITUAT\u00cbS S\u00cb EMERGJENC\u00cbS SHKAKTUAR NGA COVID-19<\/h2>\t\t<\/div>\n\t\t\t\t<\/div>\n\t\t\t\t<div class=\"elementor-element elementor-element-24715da0 elementor-widget elementor-widget-heading\" data-id=\"24715da0\" data-element_type=\"widget\" data-widget_type=\"heading.default\">\n\t\t\t\t<div class=\"elementor-widget-container\">\n\t\t\t<h4 class=\"elementor-heading-title elementor-size-default\">9 prill 2020<\/h4>\t\t<\/div>\n\t\t\t\t<\/div>\n\t\t\t\t<div class=\"elementor-element elementor-element-15c2b88 elementor-widget elementor-widget-heading\" data-id=\"15c2b88\" data-element_type=\"widget\" data-widget_type=\"heading.default\">\n\t\t\t\t<div class=\"elementor-widget-container\">\n\t\t\t<p class=\"elementor-heading-title elementor-size-default\">P\u00ebr t\u2019iu gjendur pran\u00eb komunitetit t\u00eb biznesit n\u00eb vend si dhe partner\u00ebve t\u00eb KI, Sekretariati nd\u00ebrmori nism\u00ebn e p\u00ebrgatitjes t\u00eb p\u00ebrmbledhjeve me t\u00eb dh\u00ebnat m\u00eb t\u00eb fundit t\u00eb masave t\u00eb miratuara n\u00eb kuad\u00ebr t\u00eb pandemis\u00eb s\u00eb koronavirusit. Materialet e p\u00ebrgatitura p\u00ebrmbanin t\u00eb rejat m\u00eb t\u00eb fundit mbi masat kufizuese si edhe mbi masat e nd\u00ebrmara n\u00eb kuad\u00ebr t\u00eb planit financiar t\u00eb miratuar nga qeveria shqiptare. Gjithashtu, Sekretariati p\u00ebrgatiti dhe hapi nj\u00eb anketim \u2018Mbi Vler\u00ebsimin e Impaktit t\u00eb Pandemis\u00eb COVID-19 n\u00eb Aktivitetin Ekonomik t\u00eb Biznesit n\u00eb Shqip\u00ebri,\u2019 me q\u00ebllim identifikimin e problematikave dhe rekomandimeve n\u00ebn k\u00ebndv\u00ebshtrimin e sip\u00ebrmarrjes<\/p>\t\t<\/div>\n\t\t\t\t<\/div>\n\t\t\t\t<div class=\"elementor-element elementor-element-5468385f elementor-widget elementor-widget-button\" data-id=\"5468385f\" data-element_type=\"widget\" data-widget_type=\"button.default\">\n\t\t\t\t<div class=\"elementor-widget-container\">\n\t\t\t\t\t<div class=\"elementor-button-wrapper\">\n\t\t\t<a class=\"elementor-button elementor-button-link elementor-size-sm\" href=\"\/sq\/sekretariati-i-keshillit-te-investimeve-ne-mbeshtetje-te-sipermarrjes-gjate-situates-se-emergjences-shkaktuar-nga-covid-19\/\">\n\t\t\t\t\t\t<span class=\"elementor-button-content-wrapper\">\n\t\t\t\t\t\t<span class=\"elementor-button-icon elementor-align-icon-right\">\n\t\t\t\t<i aria-hidden=\"true\" class=\"fas fa-angle-right\"><\/i>\t\t\t<\/span>\n\t\t\t\t\t\t<span class=\"elementor-button-text\">Lexo m\u00eb shum\u00eb<\/span>\n\t\t<\/span>\n\t\t\t\t\t<\/a>\n\t\t<\/div>\n\t\t\t\t<\/div>\n\t\t\t\t<\/div>\n\t\t\t\t<div class=\"elementor-element elementor-element-5822a70f elementor-widget elementor-widget-heading\" data-id=\"5822a70f\" data-element_type=\"widget\" data-widget_type=\"heading.default\">\n\t\t\t\t<div class=\"elementor-widget-container\">\n\t\t\t<h2 class=\"elementor-heading-title elementor-size-default\">K\u00cbSHILLI INVESTIMEVE ORGANIZON MBLEDHJE T\u00cb JASHT\u00cbZAKONSHME P\u00cbR T\u00cb DISKUTUAR IMPAKTIN E PANDEMIS\u00cb MBI BIZNESIN<\/h2>\t\t<\/div>\n\t\t\t\t<\/div>\n\t\t\t\t<div class=\"elementor-element elementor-element-7f2e94e5 elementor-widget elementor-widget-heading\" data-id=\"7f2e94e5\" data-element_type=\"widget\" data-widget_type=\"heading.default\">\n\t\t\t\t<div class=\"elementor-widget-container\">\n\t\t\t<h4 class=\"elementor-heading-title elementor-size-default\">14 prill 2020<\/h4>\t\t<\/div>\n\t\t\t\t<\/div>\n\t\t\t\t<div class=\"elementor-element elementor-element-3b172ee0 elementor-widget elementor-widget-heading\" data-id=\"3b172ee0\" data-element_type=\"widget\" data-widget_type=\"heading.default\">\n\t\t\t\t<div class=\"elementor-widget-container\">\n\t\t\t<p class=\"elementor-heading-title elementor-size-default\">Kjo mbledhje emergjente u thirr nga Ministrja e Financave dhe Ekonomis\u00eb dhe n\u00eb t\u00eb mor\u00ebn pjes\u00eb t\u00eb gjith\u00eb an\u00ebtar\u00ebt e KI. Ministrja Anila Denaj u shpreh se objektivi i k\u00ebsaj mbledhje t\u00eb jasht\u00ebzakonshme ishte komunikimi mes pal\u00ebve n\u00eb formatin e K\u00ebshillit t\u00eb Investimeve, tashm\u00eb nj\u00eb platfom\u00eb e p\u00ebrhershme dialogu biznes-qeveri p\u00ebr \u00e7\u00ebshtje t\u00eb cilat shqet\u00ebsojn\u00eb sip\u00ebrmarr\u00ebsit. Gjat\u00eb mbledhjes, an\u00ebtar\u00ebt iu referuan gjithashtu edhe gjetjeve paraprake t\u00eb anket\u00ebs mbajtur online nga Sekretariati i KI p\u00ebrpara k\u00ebsaj mbledhje<\/p>\t\t<\/div>\n\t\t\t\t<\/div>\n\t\t\t\t<div class=\"elementor-element elementor-element-46a5f60e elementor-widget elementor-widget-button\" data-id=\"46a5f60e\" data-element_type=\"widget\" data-widget_type=\"button.default\">\n\t\t\t\t<div class=\"elementor-widget-container\">\n\t\t\t\t\t<div class=\"elementor-button-wrapper\">\n\t\t\t<a class=\"elementor-button elementor-button-link elementor-size-sm\" href=\"\/sq\/sekretariati-i-keshillit-te-investimeve-ne-mbeshtetje-te-sipermarrjes-gjate-situates-se-emergjences-shkaktuar-nga-covid-19\/\">\n\t\t\t\t\t\t<span class=\"elementor-button-content-wrapper\">\n\t\t\t\t\t\t<span class=\"elementor-button-icon elementor-align-icon-right\">\n\t\t\t\t<i aria-hidden=\"true\" class=\"fas fa-angle-right\"><\/i>\t\t\t<\/span>\n\t\t\t\t\t\t<span class=\"elementor-button-text\">Lexo m\u00eb shum\u00eb<\/span>\n\t\t<\/span>\n\t\t\t\t\t<\/a>\n\t\t<\/div>\n\t\t\t\t<\/div>\n\t\t\t\t<\/div>\n\t\t\t\t<div class=\"elementor-element elementor-element-60773627 elementor-widget elementor-widget-heading\" data-id=\"60773627\" data-element_type=\"widget\" data-widget_type=\"heading.default\">\n\t\t\t\t<div class=\"elementor-widget-container\">\n\t\t\t<h2 class=\"elementor-heading-title elementor-size-default\">K\u00cbSHILLI I INVESTIMEVE NXIT BASHK\u00cbPUNIMIN ND\u00cbR-INSTITUCIONAL P\u00cbRMES KOORDINIMIT T\u00cb GRUPEVE T\u00cb PUN\u00cbS N\u00cb SEKTOR\u00cb PRIORITAR\u00cb T\u00cb EKONOMIS\u00cb<\/h2>\t\t<\/div>\n\t\t\t\t<\/div>\n\t\t\t\t<div class=\"elementor-element elementor-element-5a3458eb elementor-widget elementor-widget-heading\" data-id=\"5a3458eb\" data-element_type=\"widget\" data-widget_type=\"heading.default\">\n\t\t\t\t<div class=\"elementor-widget-container\">\n\t\t\t<h4 class=\"elementor-heading-title elementor-size-default\">29 maj 2020<\/h4>\t\t<\/div>\n\t\t\t\t<\/div>\n\t\t\t\t<div class=\"elementor-element elementor-element-387c943c elementor-widget elementor-widget-heading\" data-id=\"387c943c\" data-element_type=\"widget\" data-widget_type=\"heading.default\">\n\t\t\t\t<div class=\"elementor-widget-container\">\n\t\t\t<p class=\"elementor-heading-title elementor-size-default\">P\u00ebr t\u00eb mb\u00ebshtetur biznesin  n\u00eb p\u00ebrballjen me sfidat e reja shkaktuar nga pandemia Covid-19, gjat\u00eb mbledhjes s\u00eb fundit (14 prill 2020) t\u00eb K\u00ebshillit t\u00eb Investimeve (KI), Ministrja Denaj i b\u00ebri thirrje donator\u00ebve dhe an\u00ebtar\u00ebve t\u00eb KI q\u00eb t\u00eb mb\u00ebshtesin qeverin\u00eb dhe bizneset me ridimensionimin e nism\u00ebs s\u00eb nd\u00ebrmarr\u00eb n\u00eb mbledhjen e fundit t\u00eb KI p\u00ebr vitin 2019 (nga ku u krijuan tre grupe teknike t\u00eb p\u00ebrbashk\u00ebta pune me tre ministri linje), duke k\u00ebrkuar nj\u00eb kontribut t\u00eb ri t\u00eb shtuar nga KI me  propozime  p\u00ebr rim\u00ebk\u00ebmbjen e ekonomis\u00eb s\u00eb vendit. Gjat\u00eb shkurt-mars 2020, u inicuan proceset e funksionimit t\u00eb pun\u00ebs t\u00eb grupeve. Nd\u00ebrkoh\u00eb, me k\u00ebrkes\u00eb t\u00eb Kryetares s\u00eb KI, Ministres s\u00eb Financave dhe Ekonomis\u00eb, znj. Anila Denaj, Sekretariati i K\u00ebshillit t\u00eb Investimeve u angazhua  edhe me krijimin e dy grupeve t\u00eb tjera t\u00eb pun\u00ebs me q\u00ebllim kryesor p\u00ebrshpejtimin e zbatimit t\u00eb disa rekomandimeve t\u00eb tjera t\u00eb KI, miratuar gjat\u00eb mbledhjes \u201cMbi Bashk\u00ebveprimin Bashki-Biznes<\/p>\t\t<\/div>\n\t\t\t\t<\/div>\n\t\t\t\t<div class=\"elementor-element elementor-element-31c67f2a elementor-widget elementor-widget-button\" data-id=\"31c67f2a\" data-element_type=\"widget\" data-widget_type=\"button.default\">\n\t\t\t\t<div class=\"elementor-widget-container\">\n\t\t\t\t\t<div class=\"elementor-button-wrapper\">\n\t\t\t<a class=\"elementor-button elementor-button-link elementor-size-sm\" href=\"\/sq\/keshilli-investimeve-organizon-mbledhje-te-jashtezakonshme-per-te-diskutuar-impaktin-e-pandemise-mbi-biznesin\/\">\n\t\t\t\t\t\t<span class=\"elementor-button-content-wrapper\">\n\t\t\t\t\t\t<span class=\"elementor-button-icon elementor-align-icon-right\">\n\t\t\t\t<i aria-hidden=\"true\" class=\"fas fa-angle-right\"><\/i>\t\t\t<\/span>\n\t\t\t\t\t\t<span class=\"elementor-button-text\">Lexo m\u00eb shum\u00eb<\/span>\n\t\t<\/span>\n\t\t\t\t\t<\/a>\n\t\t<\/div>\n\t\t\t\t<\/div>\n\t\t\t\t<\/div>\n\t\t\t\t<div class=\"elementor-element elementor-element-2b2d9226 elementor-widget elementor-widget-heading\" data-id=\"2b2d9226\" data-element_type=\"widget\" data-widget_type=\"heading.default\">\n\t\t\t\t<div class=\"elementor-widget-container\">\n\t\t\t<h2 class=\"elementor-heading-title elementor-size-default\">KONFERENCA ND\u00cbRKOMB\u00cbTARE E K\u00cbSHILLAVE T\u00cb INVESTIMEVE: CILAT JAN\u00cb SFIDAT DHE MUND\u00cbSIT\u00cb P\u00cbR T\u00cb MB\u00cbSHTETUR N\u00cb KOH\u00cb BIZNESET DHE QEVERIT\u00cb<\/h2>\t\t<\/div>\n\t\t\t\t<\/div>\n\t\t\t\t<div class=\"elementor-element elementor-element-2799e5ac elementor-widget elementor-widget-heading\" data-id=\"2799e5ac\" data-element_type=\"widget\" data-widget_type=\"heading.default\">\n\t\t\t\t<div class=\"elementor-widget-container\">\n\t\t\t<h4 class=\"elementor-heading-title elementor-size-default\">3 qershor 2020<\/h4>\t\t<\/div>\n\t\t\t\t<\/div>\n\t\t\t\t<div class=\"elementor-element elementor-element-21210123 elementor-widget elementor-widget-heading\" data-id=\"21210123\" data-element_type=\"widget\" data-widget_type=\"heading.default\">\n\t\t\t\t<div class=\"elementor-widget-container\">\n\t\t\t<p class=\"elementor-heading-title elementor-size-default\">Konferenc\u00eb Virtuale e K\u00ebshillave t\u00eb Investimeve t\u00eb mb\u00ebshtetur nga Banka Evropiane p\u00ebr Rind\u00ebrtim dhe Zhvillim (BERZH) p\u00ebr vitin 2020. Aktiviteti vjetor mblodhi bashk\u00eb 12 K\u00ebshilla t\u00eb Investimeve, t\u00eb mb\u00ebshtetur nga BERZH. N\u00eb fokusin kryesor t\u00eb k\u00ebsaj konference ishte prezantimi i nd\u00ebrhyrjeve kryesore n\u00eb nivel politikash nga K\u00ebshillat e Investimeve gjat\u00eb pandemis\u00eb s\u00eb COVID-19, ku K\u00ebshilli Shqiptar i Investimeve n\u00eb Shqip\u00ebri u p\u00ebrzgjodh p\u00ebr zbatimin e nj\u00eb praktike e mir\u00eb. N\u00eb pjes\u00ebn e dyt\u00eb t\u00eb konferenc\u00ebs, u diskutua p\u00ebr nd\u00ebrhyrjet afatgjata n\u00eb nivel politikash p\u00ebr t\u00eb forcuar aktivitetin ekonomik dhe p\u00ebr t\u00eb nd\u00ebrtuar nj\u00eb sektor privat t\u00eb q\u00ebndruesh\u00ebm.<\/p>\t\t<\/div>\n\t\t\t\t<\/div>\n\t\t\t\t<div class=\"elementor-element elementor-element-25c201b elementor-widget elementor-widget-button\" data-id=\"25c201b\" data-element_type=\"widget\" data-widget_type=\"button.default\">\n\t\t\t\t<div class=\"elementor-widget-container\">\n\t\t\t\t\t<div class=\"elementor-button-wrapper\">\n\t\t\t<a class=\"elementor-button elementor-button-link elementor-size-sm\" href=\"\/sq\/konferenca-nderkombetare-e-keshillave-te-investimeve-cilat-jane-sfidat-dhe-mundesite-per-te-mbeshtetur-ne-kohe-bizneset-dhe-qeverite\/\">\n\t\t\t\t\t\t<span class=\"elementor-button-content-wrapper\">\n\t\t\t\t\t\t<span class=\"elementor-button-icon elementor-align-icon-right\">\n\t\t\t\t<i aria-hidden=\"true\" class=\"fas fa-angle-right\"><\/i>\t\t\t<\/span>\n\t\t\t\t\t\t<span class=\"elementor-button-text\">Lexo m\u00eb shum\u00eb<\/span>\n\t\t<\/span>\n\t\t\t\t\t<\/a>\n\t\t<\/div>\n\t\t\t\t<\/div>\n\t\t\t\t<\/div>\n\t\t\t\t<div class=\"elementor-element elementor-element-125edb30 elementor-widget elementor-widget-heading\" data-id=\"125edb30\" data-element_type=\"widget\" data-widget_type=\"heading.default\">\n\t\t\t\t<div class=\"elementor-widget-container\">\n\t\t\t<h2 class=\"elementor-heading-title elementor-size-default\">K\u00cbSHILLI I INVESTIMEVE ORGANIZON MBLEDHJE PLENARE P\u00cbR T\u00cb DISKUTUAR SUGJERIMET E BIZNESIT MBI PLANIN E RIM\u00cbK\u00cbMBJES EKONOMIKE T\u00cb VENDIT<\/h2>\t\t<\/div>\n\t\t\t\t<\/div>\n\t\t\t\t<div class=\"elementor-element elementor-element-780a8d8b elementor-widget elementor-widget-heading\" data-id=\"780a8d8b\" data-element_type=\"widget\" data-widget_type=\"heading.default\">\n\t\t\t\t<div class=\"elementor-widget-container\">\n\t\t\t<h4 class=\"elementor-heading-title elementor-size-default\">5 qershor 2020<\/h4>\t\t<\/div>\n\t\t\t\t<\/div>\n\t\t\t\t<div class=\"elementor-element elementor-element-12f098f9 elementor-widget elementor-widget-heading\" data-id=\"12f098f9\" data-element_type=\"widget\" data-widget_type=\"heading.default\">\n\t\t\t\t<div class=\"elementor-widget-container\">\n\t\t\t<p class=\"elementor-heading-title elementor-size-default\">K\u00ebshilli i Investimeve (KI) mbajti nj\u00eb mbledhje plenare p\u00ebrmes platform\u00ebs Zoom p\u00ebr t\u00eb diskutuar sugjerimet kryesore t\u00eb biznesit p\u00ebr rim\u00ebk\u00ebmbjen ekonomike t\u00eb vendit pas COVID-19. Nd\u00ebr t\u00eb tjera, Ministrja informoi se K\u00ebshillit t\u00eb Investimeve iu k\u00ebrkua t\u00eb b\u00ebj\u00eb nj\u00eb p\u00ebrmbledhje t\u00eb propozimeve konkrete t\u00eb biznesit me aktivitet n\u00eb sektor\u00eb t\u00eb ndrysh\u00ebm t\u00eb ekonomis\u00eb, p\u00ebr t\u00eb b\u00ebr\u00eb t\u00eb mundur q\u00eb Plani i Rim\u00ebk\u00ebmbjes t\u00eb p\u00ebrfshij\u00eb edhe disa nga k\u00ebto propozime. Kjo \u00ebsht\u00eb n\u00eb p\u00ebrputhje t\u00eb plot\u00eb me ambicjet dhe angazhimin e qeveris\u00eb shqiptare p\u00ebr t\u00eb paraqitur brenda muajit qershor 2020, planin e rim\u00ebk\u00ebmbjes ekonomike dhe m\u00eb konkretisht, rim\u00ebk\u00ebmbjen e sektor\u00ebve prioritar\u00eb si turizmi dhe industria p\u00ebrpunuese. <\/p>\t\t<\/div>\n\t\t\t\t<\/div>\n\t\t\t\t<div class=\"elementor-element elementor-element-1fe25e0 elementor-widget elementor-widget-button\" data-id=\"1fe25e0\" data-element_type=\"widget\" data-widget_type=\"button.default\">\n\t\t\t\t<div class=\"elementor-widget-container\">\n\t\t\t\t\t<div class=\"elementor-button-wrapper\">\n\t\t\t<a class=\"elementor-button elementor-button-link elementor-size-sm\" href=\"\/sq\/keshilli-i-investimeve-organizon-mbledhje-plenare-per-te-diskutuar-sugjerimet-e-biznesit-mbi-planin-e-rimekembjes-ekonomike-te-vendit\/\">\n\t\t\t\t\t\t<span class=\"elementor-button-content-wrapper\">\n\t\t\t\t\t\t<span class=\"elementor-button-icon elementor-align-icon-right\">\n\t\t\t\t<i aria-hidden=\"true\" class=\"fas fa-angle-right\"><\/i>\t\t\t<\/span>\n\t\t\t\t\t\t<span class=\"elementor-button-text\">Lexo m\u00eb shum\u00eb<\/span>\n\t\t<\/span>\n\t\t\t\t\t<\/a>\n\t\t<\/div>\n\t\t\t\t<\/div>\n\t\t\t\t<\/div>\n\t\t\t\t<div class=\"elementor-element elementor-element-7555e109 elementor-widget elementor-widget-heading\" data-id=\"7555e109\" data-element_type=\"widget\" data-widget_type=\"heading.default\">\n\t\t\t\t<div class=\"elementor-widget-container\">\n\t\t\t<h2 class=\"elementor-heading-title elementor-size-default\">VAZHDIM\u00cbSI ME GRUPET E PUN\u00cbS<\/h2>\t\t<\/div>\n\t\t\t\t<\/div>\n\t\t\t\t<div class=\"elementor-element elementor-element-75c80beb elementor-widget elementor-widget-heading\" data-id=\"75c80beb\" data-element_type=\"widget\" data-widget_type=\"heading.default\">\n\t\t\t\t<div class=\"elementor-widget-container\">\n\t\t\t<p class=\"elementor-heading-title elementor-size-default\">Gjat\u00eb muajit qershor 2020, Sekretariati ka vazhduar koordinimin me pun\u00ebn e grupeve t\u00eb pun\u00ebs midis MFE \u2013 MBZHR dhe MFE-MIE, p\u00ebr t\u00eb p\u00ebrshpejtuar procesin e ndjekjes dhe zbatimit te rekomandimeve p\u00ebr stimulimin e investimeve n\u00eb sektorin e bujq\u00ebsis\u00eb dhe TIK, por dhe mbi masat p\u00ebr rim\u00ebk\u00ebmbjen e sektor\u00ebve n\u00eb kuad\u00ebr t\u00eb situat\u00ebs shkaktuar nga pandemia Covid-19. Gjat\u00eb k\u00ebtyre diskutimeve jan\u00eb propozuar masa konkrete p\u00ebr prioritizimin e nd\u00ebrhyrjeve, bazuar edhe mbi sugjerime t\u00eb ngritura nga vet\u00eb biznesi, p\u00ebr t\u00eb cilat Sekretariati do t\u00eb ndjek\u00eb me kujdes ecurin\u00eb. M\u00cb SHUM\u00cb INFORMACION DO T\u00cb VIJOJ\u00cb N\u00cb T\u00cb ARDHMEN.<\/p>\t\t<\/div>\n\t\t\t\t<\/div>\n\t\t\t\t<div class=\"elementor-element elementor-element-314f0296 elementor-widget elementor-widget-heading\" data-id=\"314f0296\" data-element_type=\"widget\" data-widget_type=\"heading.default\">\n\t\t\t\t<div class=\"elementor-widget-container\">\n\t\t\t<h2 class=\"elementor-heading-title elementor-size-default\">RRETH K\u00cbSHILLIT T\u00cb INVESTIMEVE<\/h2>\t\t<\/div>\n\t\t\t\t<\/div>\n\t\t\t\t<div class=\"elementor-element elementor-element-7fc0c4a4 elementor-widget elementor-widget-heading\" data-id=\"7fc0c4a4\" data-element_type=\"widget\" data-widget_type=\"heading.default\">\n\t\t\t\t<div class=\"elementor-widget-container\">\n\t\t\t<p class=\"elementor-heading-title elementor-size-default\">K\u00ebshilli i Investimeve \u00ebsht\u00eb nj\u00eb platform\u00eb e ngritur nga autoritetet shqiptare me mb\u00ebshtetjen e BERZH-it p\u00ebr t\u00eb rritur dialogun midis qeveris\u00eb dhe sektorit privat, p\u00ebr t\u00eb p\u00ebrmir\u00ebsuar klim\u00ebn e biznesit dhe p\u00ebr t\u00eb nxitur qeverisjen e mir\u00eb. Puna e K\u00ebshillit mb\u00ebshtetet nga Sekretariati, nj\u00eb organ i pavarur me profesionist\u00eb t\u00eb p\u00ebrzgjedhur dhe kontraktuar nga BERZH p\u00ebr t\u2019u angazhuar drejtp\u00ebrs\u00ebdrejti me komunitetin e biznesit. K\u00ebshilli Investimeve mb\u00ebshtetet nga Ministria e Financave dhe Ekonomis\u00eb, BERZH dhe Sekretariati Shtet\u00ebror Zvicerian p\u00ebr \u00c7\u00ebshtjet Ekonomike (SECO).<\/p>\t\t<\/div>\n\t\t\t\t<\/div>\n\t\t\t\t\t<\/div>\n\t\t<\/div>\n\t\t\t\t\t\t\t<\/div>\n\t\t<\/section>\n\t\t\t\t\t\t\t<\/div>\n\t\t","protected":false},"featured_media":0,"template":"","categories":[113,1],"tags":[120],"class_list":["post-7260","newsletter_ic","type-newsletter_ic","status-publish","hentry","category-newsletter2020","category-uncategorized","tag-buletine-informative-2020"],"acf":[],"_links":{"self":[{"href":"https:\/\/www.investment.com.al\/sq\/wp-json\/wp\/v2\/newsletter_ic\/7260","targetHints":{"allow":["GET"]}}],"collection":[{"href":"https:\/\/www.investment.com.al\/sq\/wp-json\/wp\/v2\/newsletter_ic"}],"about":[{"href":"https:\/\/www.investment.com.al\/sq\/wp-json\/wp\/v2\/types\/newsletter_ic"}],"version-history":[{"count":4,"href":"https:\/\/www.investment.com.al\/sq\/wp-json\/wp\/v2\/newsletter_ic\/7260\/revisions"}],"predecessor-version":[{"id":7265,"href":"https:\/\/www.investment.com.al\/sq\/wp-json\/wp\/v2\/newsletter_ic\/7260\/revisions\/7265"}],"wp:attachment":[{"href":"https:\/\/www.investment.com.al\/sq\/wp-json\/wp\/v2\/media?parent=7260"}],"wp:term":[{"taxonomy":"category","embeddable":true,"href":"https:\/\/www.investment.com.al\/sq\/wp-json\/wp\/v2\/categories?post=7260"},{"taxonomy":"post_tag","embeddable":true,"href":"https:\/\/www.investment.com.al\/sq\/wp-json\/wp\/v2\/tags?post=7260"}],"curies":[{"name":"wp","href":"https:\/\/api.w.org\/{rel}","templated":true}]}}