{"id":7295,"date":"2023-01-18T14:24:41","date_gmt":"2023-01-18T14:24:41","guid":{"rendered":"https:\/\/investment.com.al\/newsletter_ic\/albania-investment-council-main-news-july-september-2022\/"},"modified":"2023-06-23T08:23:08","modified_gmt":"2023-06-23T08:23:08","slug":"keshilli-investimeve-lajmet-kryesore-korrik-shtator-2022","status":"publish","type":"newsletter_ic","link":"https:\/\/www.investment.com.al\/sq\/newsletter_ic\/keshilli-investimeve-lajmet-kryesore-korrik-shtator-2022\/","title":{"rendered":"K\u00ebshilli Investimeve, Lajmet Kryesore, Korrik \u2013 Shtator 2022"},"content":{"rendered":"\t\t<div data-elementor-type=\"wp-post\" data-elementor-id=\"7295\" class=\"elementor elementor-7295 elementor-7171\" data-elementor-post-type=\"newsletter_ic\">\n\t\t\t\t\t\t\t\t\t<section class=\"elementor-section elementor-top-section elementor-element elementor-element-6755ca2f elementor-section-full_width elementor-section-height-default elementor-section-height-default\" data-id=\"6755ca2f\" data-element_type=\"section\">\n\t\t\t\t\t\t<div class=\"elementor-container elementor-column-gap-default\">\n\t\t\t\t\t<div class=\"elementor-column elementor-col-100 elementor-top-column elementor-element elementor-element-56f286d1\" data-id=\"56f286d1\" data-element_type=\"column\">\n\t\t\t<div class=\"elementor-widget-wrap elementor-element-populated\">\n\t\t\t\t\t\t\t\t<div class=\"elementor-element elementor-element-206e23a6 elementor-widget elementor-widget-heading\" data-id=\"206e23a6\" data-element_type=\"widget\" data-widget_type=\"heading.default\">\n\t\t\t\t<div class=\"elementor-widget-container\">\n\t\t\t<style>\/*! elementor - v3.18.0 - 20-12-2023 *\/\n.elementor-heading-title{padding:0;margin:0;line-height:1}.elementor-widget-heading .elementor-heading-title[class*=elementor-size-]>a{color:inherit;font-size:inherit;line-height:inherit}.elementor-widget-heading .elementor-heading-title.elementor-size-small{font-size:15px}.elementor-widget-heading .elementor-heading-title.elementor-size-medium{font-size:19px}.elementor-widget-heading .elementor-heading-title.elementor-size-large{font-size:29px}.elementor-widget-heading .elementor-heading-title.elementor-size-xl{font-size:39px}.elementor-widget-heading .elementor-heading-title.elementor-size-xxl{font-size:59px}<\/style><h2 class=\"elementor-heading-title elementor-size-default\">Lan\u00e7imi i Anket\u00ebs Vjetore: \u201cP\u00ebr p\u00ebrmir\u00ebsimin e klim\u00ebs s\u00eb investimeve\u201d<\/h2>\t\t<\/div>\n\t\t\t\t<\/div>\n\t\t\t\t<div class=\"elementor-element elementor-element-bbf9cce elementor-widget elementor-widget-heading\" data-id=\"bbf9cce\" data-element_type=\"widget\" data-widget_type=\"heading.default\">\n\t\t\t\t<div class=\"elementor-widget-container\">\n\t\t\t<h4 class=\"elementor-heading-title elementor-size-default\">25  korrik 2022<\/h4>\t\t<\/div>\n\t\t\t\t<\/div>\n\t\t\t\t<div class=\"elementor-element elementor-element-74fb7a90 elementor-widget elementor-widget-heading\" data-id=\"74fb7a90\" data-element_type=\"widget\" data-widget_type=\"heading.default\">\n\t\t\t\t<div class=\"elementor-widget-container\">\n\t\t\t<p class=\"elementor-heading-title elementor-size-default\">Sekretariati lancoi anket\u00ebn e tij t\u00eb p\u00ebrvitshme mbi klim\u00ebn e investimeve, ku n\u00eb fokus p\u00ebr k\u00ebt\u00eb vit ishte jo vet\u00ebm evidentimi i sfidave q\u00eb kompanit\u00eb private hasin gjat\u00eb nd\u00ebrveprimit me administrat\u00ebn tatimore por edhe t\u00eb metodave q\u00eb ato p\u00ebrdorin p\u00ebr trajtimin e problematikave q\u00eb lidhen me riaft\u00ebsimin e punonj\u00ebsve apo kanalet ku ata drejtohen p\u00ebr rekrutim\/trajnim.<\/p>\t\t<\/div>\n\t\t\t\t<\/div>\n\t\t\t\t<div class=\"elementor-element elementor-element-496ebb94 elementor-widget elementor-widget-heading\" data-id=\"496ebb94\" data-element_type=\"widget\" data-widget_type=\"heading.default\">\n\t\t\t\t<div class=\"elementor-widget-container\">\n\t\t\t<p class=\"elementor-heading-title elementor-size-default\"><em style=\"line-height: inherit; font-family: &quot;Open Sans&quot;, sans-serif; font-size: 14px; text-transform: none; white-space: normal;\">Gjetjet e anket\u00ebs do t\u00eb publikohen n\u00eb faqen ton\u00eb t\u00eb internetit n\u00eb fund t\u00eb tetorit<\/em><span style=\"font-family: &quot;Open Sans&quot;, sans-serif; font-size: 14px; text-transform: none; white-space: normal;\">.<\/span><\/p>\t\t<\/div>\n\t\t\t\t<\/div>\n\t\t\t\t<div class=\"elementor-element elementor-element-351805c9 elementor-widget elementor-widget-heading\" data-id=\"351805c9\" data-element_type=\"widget\" data-widget_type=\"heading.default\">\n\t\t\t\t<div class=\"elementor-widget-container\">\n\t\t\t<h2 class=\"elementor-heading-title elementor-size-default\">Anket\u00eb: \u201cSfidat e fuqis\u00eb pun\u00ebtore\u201d<\/h2>\t\t<\/div>\n\t\t\t\t<\/div>\n\t\t\t\t<div class=\"elementor-element elementor-element-16d19633 elementor-widget elementor-widget-heading\" data-id=\"16d19633\" data-element_type=\"widget\" data-widget_type=\"heading.default\">\n\t\t\t\t<div class=\"elementor-widget-container\">\n\t\t\t<h4 class=\"elementor-heading-title elementor-size-default\">1 Shtator 2022<\/h4>\t\t<\/div>\n\t\t\t\t<\/div>\n\t\t\t\t<div class=\"elementor-element elementor-element-2f061f12 elementor-widget elementor-widget-heading\" data-id=\"2f061f12\" data-element_type=\"widget\" data-widget_type=\"heading.default\">\n\t\t\t\t<div class=\"elementor-widget-container\">\n\t\t\t<p class=\"elementor-heading-title elementor-size-default\">Disponibiliteti i fuqis\u00eb pun\u00ebtore dhe emigrimi i grupmoshave t\u00eb reja sjell v\u00ebshtir\u00ebsi edhe p\u00ebr biznesin n\u00eb vend. Pavar\u00ebsisht nevoj\u00ebs n\u00eb rritje p\u00ebr fuqi pun\u00ebtore, grupmoshat e reja hasin m\u00eb shum\u00eb v\u00ebshtir\u00ebsi p\u00ebr t\u2019u integruar n\u00eb m\u00ebnyr\u00eb t\u00eb q\u00ebndrueshme n\u00eb tregun e pun\u00ebs.P\u00ebr t\u00eb kuptuar disa nga k\u00ebto sfida, Sekretariati nd\u00ebrmori nj\u00eb mini-pyet\u00ebsor n\u00eb mediat sociale, ku deri m\u00eb sot jan\u00eb mbledhur mbi 250 p\u00ebrgjigje. Gjetjet e anket\u00ebs do t\u00eb publikohen n\u00eb faqen ton\u00eb t\u00eb internetit n\u00eb fund t\u00eb tetorit.<\/p>\t\t<\/div>\n\t\t\t\t<\/div>\n\t\t\t\t<div class=\"elementor-element elementor-element-385b7a72 elementor-widget elementor-widget-heading\" data-id=\"385b7a72\" data-element_type=\"widget\" data-widget_type=\"heading.default\">\n\t\t\t\t<div class=\"elementor-widget-container\">\n\t\t\t<h2 class=\"elementor-heading-title elementor-size-default\">Lan\u00e7imi i konsultimeve rajonale n\u00eb kuad\u00ebr t\u00eb mbledhjes s\u00eb ardhshme t\u00eb KI<\/h2>\t\t<\/div>\n\t\t\t\t<\/div>\n\t\t\t\t<div class=\"elementor-element elementor-element-7de29dcd elementor-widget elementor-widget-heading\" data-id=\"7de29dcd\" data-element_type=\"widget\" data-widget_type=\"heading.default\">\n\t\t\t\t<div class=\"elementor-widget-container\">\n\t\t\t<h4 class=\"elementor-heading-title elementor-size-default\">5 Shtator 2022<\/h4>\t\t<\/div>\n\t\t\t\t<\/div>\n\t\t\t\t<div class=\"elementor-element elementor-element-31c6015c elementor-widget elementor-widget-heading\" data-id=\"31c6015c\" data-element_type=\"widget\" data-widget_type=\"heading.default\">\n\t\t\t\t<div class=\"elementor-widget-container\">\n\t\t\t<p class=\"elementor-heading-title elementor-size-default\">N\u00eb takimin e ardhsh\u00ebm, KI do t\u00eb diskutoj\u00eb tem\u00ebn \u201cSektori privat dhe sfida e fuqis\u00eb pun\u00ebtore\u201d. Si pjes\u00eb e agjend\u00ebs s\u00eb KI p\u00ebr 2022, kjo tem\u00eb erdhi me k\u00ebrkes\u00ebn e an\u00ebtar\u00ebve t\u00eb KI p\u00ebr t\u00eb diskutuar sfidat me t\u00eb cilat p\u00ebrballet sektori privat p\u00ebr t\u00eb siguruar nj\u00eb fuqi pun\u00ebtore t\u00eb kualifikuar. Momenti \u00ebsht\u00eb ve\u00e7an\u00ebrisht kritik pas Covid-19 dhe n\u00eb epok\u00ebn e re t\u00eb revolucioni dixhital, kriz\u00ebs demografike lokale dhe konkurrenc\u00ebs globale. Pavar\u00ebsisht nd\u00ebrhyrjeve t\u00eb deritanishme, problematika mbetet sistemike. Sip\u00ebrmarrja shprehet se e evidenton problemin por nuk e zgjidh vet\u00ebm at\u00eb dhe k\u00ebrkon mb\u00ebshtetje me politika t\u00eb shpejta dhe me impakt t\u00eb menj\u00ebhershem.<br><br> Gjat\u00eb muajit shtator, Sekretariati kontaktoi individualisht nj\u00eb s\u00ebr\u00eb aktor\u00ebsh nga sektori publik dhe privat p\u00ebr bashk\u00ebpunim n\u00eb kuad\u00ebr t\u00eb k\u00ebsaj teme. P\u00ebr nj\u00eb gjith\u00ebp\u00ebrfshirje sa m\u00eb t\u00eb gjer\u00eb, 30 takime konsultimi u zhvilluan n\u00eb 6 rrethe (Tiran\u00eb, Shkod\u00ebr, Durr\u00ebs, Berat, Sarand\u00eb, Gjirokast\u00ebr) me biznesin vendas, dhoma t\u00eb tregtis\u00eb dhe industris\u00eb, shkolla profesionale, zyra t\u00eb pun\u00ebs, etj. Komentet dhe sugjerimet e mbledhura do t\u00eb kontribuojn\u00eb n\u00eb analiz\u00ebn e ardhshme q\u00eb Sekretariati po harton, duke synuar t\u00eb hulumtoj\u00eb dhe t\u00eb prioritizoj\u00eb \u00e7\u00ebshtjet e mundshme q\u00eb lidhen me tem\u00ebn.\n\n <\/p>\t\t<\/div>\n\t\t\t\t<\/div>\n\t\t\t\t<div class=\"elementor-element elementor-element-56307543 elementor-widget elementor-widget-heading\" data-id=\"56307543\" data-element_type=\"widget\" data-widget_type=\"heading.default\">\n\t\t\t\t<div class=\"elementor-widget-container\">\n\t\t\t<h2 class=\"elementor-heading-title elementor-size-default\">P\u00ebr p\u00ebrmir\u00ebsimin e klim\u00ebs s\u00eb biznesit \u2013 Dialog me shoqatat e biznesit dhe dhomat e tregtis\u00eb<\/h2>\t\t<\/div>\n\t\t\t\t<\/div>\n\t\t\t\t<div class=\"elementor-element elementor-element-4fb1dd5b elementor-widget elementor-widget-heading\" data-id=\"4fb1dd5b\" data-element_type=\"widget\" data-widget_type=\"heading.default\">\n\t\t\t\t<div class=\"elementor-widget-container\">\n\t\t\t<h4 class=\"elementor-heading-title elementor-size-default\">9 Shtator 2022<\/h4>\t\t<\/div>\n\t\t\t\t<\/div>\n\t\t\t\t<div class=\"elementor-element elementor-element-1292aee1 elementor-widget elementor-widget-heading\" data-id=\"1292aee1\" data-element_type=\"widget\" data-widget_type=\"heading.default\">\n\t\t\t\t<div class=\"elementor-widget-container\">\n\t\t\t<p class=\"elementor-heading-title elementor-size-default\">Kryeministri i Shqip\u00ebris\u00eb, Sh.T. Z. Edi Rama dhe Ministrja e Financave dhe Ekonomis\u00eb (nj\u00ebkoh\u00ebsisht edhe Kryetarja e K\u00ebshillit t\u00eb Investimeve), znj. Delina Ibrahimaj, organizuan nj\u00eb takim me shoqatat e biznesit, dhomat e tregtis\u00eb dhe an\u00ebtar\u00ebt e KI-s\u00eb mbi ecurin\u00eb e procesit t\u00eb konsultimit n\u00eb lidhje me rekomandimet e biznesit p\u00ebr p\u00ebrmir\u00ebsimin e klim\u00ebs s\u00eb biznesit (nj\u00eb proces i nisur n\u00eb fund t\u00eb 2021 dhe lan\u00e7uar zyrtarisht n\u00eb mbledhjen e KI-s\u00eb mbajtur m\u00eb 31 janar 2022). Lista p\u00ebrfundimtare e rekomandimeve p\u00ebrmban 26 rekomandime t\u00eb KI-s\u00eb, kryesisht t\u00eb lidhura me uljen e informalitetit, p\u00ebrmir\u00ebsimin e sh\u00ebrbimeve publike, p\u00ebrshpejtimin e dixhitalizimit, leht\u00ebsimin e tregtis\u00eb elektronike, proceset e thjeshtimit t\u00eb inspektimeve dhe p\u00ebrmir\u00ebsimin e aft\u00ebsive t\u00eb kapitalit njer\u00ebzor. <br><br>Gjat\u00eb k\u00ebsaj tryeze, p\u00ebrfaq\u00ebsuesit e biznesit ngrit\u00ebn shqet\u00ebsime t\u00eb ndryshme q\u00eb lidheshin kryesisht me kriz\u00ebn energjetike, \u00e7\u00ebshtjet ligjore dhe munges\u00ebn e fuqis\u00eb pun\u00ebtore. N\u00eb t\u00eb nj\u00ebjt\u00ebn koh\u00eb, ata shpreh\u00ebn vler\u00ebsimin e tyre p\u00ebr formatin dhe pun\u00ebn e K\u00ebshillit t\u00eb Investimeve si nj\u00eb platform\u00eb efektive e dialogut publik-privat.<\/p>\t\t<\/div>\n\t\t\t\t<\/div>\n\t\t\t\t<div class=\"elementor-element elementor-element-1655992c elementor-widget elementor-widget-heading\" data-id=\"1655992c\" data-element_type=\"widget\" data-widget_type=\"heading.default\">\n\t\t\t\t<div class=\"elementor-widget-container\">\n\t\t\t<h4 class=\"elementor-heading-title elementor-size-default\"><a href=\"https:\/\/www.investment.com.al\/sq\/2022\/09\/13\/permiresimi-i-klimes-se-biznesit-dialog-me-shoqatat-e-biznesit-dhe-dhomat-e-tregtise\/\">Lexo m\u00eb shum\u00eb<\/a><\/h4>\t\t<\/div>\n\t\t\t\t<\/div>\n\t\t\t\t<div class=\"elementor-element elementor-element-6a2d3ff5 elementor-widget elementor-widget-heading\" data-id=\"6a2d3ff5\" data-element_type=\"widget\" data-widget_type=\"heading.default\">\n\t\t\t\t<div class=\"elementor-widget-container\">\n\t\t\t<h2 class=\"elementor-heading-title elementor-size-default\">Shk\u00ebmbimi i pik\u00ebpamjeve mbi klim\u00ebn e biznesit me Zv\/Presidentin e BERZH-it<\/h2>\t\t<\/div>\n\t\t\t\t<\/div>\n\t\t\t\t<div class=\"elementor-element elementor-element-33d26ee1 elementor-widget elementor-widget-heading\" data-id=\"33d26ee1\" data-element_type=\"widget\" data-widget_type=\"heading.default\">\n\t\t\t\t<div class=\"elementor-widget-container\">\n\t\t\t<h4 class=\"elementor-heading-title elementor-size-default\">19 Shtator 2022<\/h4>\t\t<\/div>\n\t\t\t\t<\/div>\n\t\t\t\t<div class=\"elementor-element elementor-element-51ff25a8 elementor-widget elementor-widget-heading\" data-id=\"51ff25a8\" data-element_type=\"widget\" data-widget_type=\"heading.default\">\n\t\t\t\t<div class=\"elementor-widget-container\">\n\t\t\t<p class=\"elementor-heading-title elementor-size-default\">Sekretariati organizoi nj\u00eb tryez\u00eb t\u00eb rrumbullak\u00ebt me an\u00ebtar\u00ebt e tij t\u00eb biznesit dhe Zv\/Presidentin e BERZH-it p\u00ebr Politikat dhe Partneritetin, z. Mark Bowman, Drejtoren Menaxhuese t\u00eb BERZH-it p\u00ebr Evrop\u00ebn Qendrore dhe Juglindore, znj. Charlote Ruhe dhe Drejtoren e BERZH-it n\u00eb Shqip\u00ebri, znj. Ekaterina Solovova p\u00ebr t\u00eb shk\u00ebmbyer mendime mbi klim\u00ebn e biznesit dhe sfidat kryesore t\u00eb sektorit privat n\u00eb Shqip\u00ebri (konkurrueshm\u00ebria, fuqia pun\u00ebtore, dixhitalizimi, ekonomia qarkore, etj.).\n\n <\/p>\t\t<\/div>\n\t\t\t\t<\/div>\n\t\t\t\t<div class=\"elementor-element elementor-element-13b0299 elementor-widget elementor-widget-heading\" data-id=\"13b0299\" data-element_type=\"widget\" data-widget_type=\"heading.default\">\n\t\t\t\t<div class=\"elementor-widget-container\">\n\t\t\t<h2 class=\"elementor-heading-title elementor-size-default\">Mbledhje fokus grup: \u201cSfidat t\u00eb rinjve p\u00ebr t\u2019u integruar n\u00eb tregun e pun\u00ebs\u201d<\/h2>\t\t<\/div>\n\t\t\t\t<\/div>\n\t\t\t\t<div class=\"elementor-element elementor-element-3d1fb36f elementor-widget elementor-widget-heading\" data-id=\"3d1fb36f\" data-element_type=\"widget\" data-widget_type=\"heading.default\">\n\t\t\t\t<div class=\"elementor-widget-container\">\n\t\t\t<h4 class=\"elementor-heading-title elementor-size-default\">29 Shtator 2022<\/h4>\t\t<\/div>\n\t\t\t\t<\/div>\n\t\t\t\t<div class=\"elementor-element elementor-element-3f05667c elementor-widget elementor-widget-heading\" data-id=\"3f05667c\" data-element_type=\"widget\" data-widget_type=\"heading.default\">\n\t\t\t\t<div class=\"elementor-widget-container\">\n\t\t\t<p class=\"elementor-heading-title elementor-size-default\">N\u00eb bashk\u00ebpunim me Rrjetin e Profesionist\u00ebve t\u00eb Rinj (YPN), Sekretariati organizoi nj\u00eb takim fokus grup me profesionist\u00eb t\u00eb rinj p\u00ebr t\u00eb diskutuar gjetjet dhe sugjerimet paraprake t\u00eb Sekretariatit p\u00ebr p\u00ebrmir\u00ebsimin e sfidave t\u00eb fuqis\u00eb s\u00eb re pun\u00ebtore p\u00ebr t\u2019u integruar n\u00eb tregun e pun\u00ebs.\n\nPjes\u00ebmarr\u00ebsit u shpreh\u00ebn se gjetjet e Sekretariatit pasqyrojn\u00eb realitetin me t\u00eb cilin p\u00ebrballen bashk\u00ebmoshatar\u00ebt e tyre dhe nevoj\u00ebn p\u00ebr t\u00eb p\u00ebrmir\u00ebsuar mentalitetin e njer\u00ebzve mbi pun\u00ebn, duke filluar nga familja e duke vazhduar me shoq\u00ebrin\u00eb n\u00eb p\u00ebrgjith\u00ebsi. Ata theksuan se brezi i ri duhet t\u00eb orientohet m\u00eb shum\u00eb drejt prakticitetit, ku shkollat mund t\u00eb luajn\u00eb nj\u00eb rol vendimtar n\u00eb drejtim t\u00eb p\u00ebrmir\u00ebsimit t\u00eb kurrikul\u00ebs dhe p\u00ebrshtatjes me nevojat aktuale t\u00eb tregut t\u00eb pun\u00ebs.<\/p>\t\t<\/div>\n\t\t\t\t<\/div>\n\t\t\t\t<div class=\"elementor-element elementor-element-5e2a73fe elementor-position-left elementor-vertical-align-middle elementor-widget elementor-widget-image-box\" data-id=\"5e2a73fe\" data-element_type=\"widget\" data-widget_type=\"image-box.default\">\n\t\t\t\t<div class=\"elementor-widget-container\">\n\t\t\t<style>.elementor-widget-image-box .elementor-image-box-content{width:100%}@media (min-width:768px){.elementor-widget-image-box.elementor-position-left .elementor-image-box-wrapper,.elementor-widget-image-box.elementor-position-right .elementor-image-box-wrapper{display:flex}.elementor-widget-image-box.elementor-position-right .elementor-image-box-wrapper{text-align:right;flex-direction:row-reverse}.elementor-widget-image-box.elementor-position-left .elementor-image-box-wrapper{text-align:left;flex-direction:row}.elementor-widget-image-box.elementor-position-top .elementor-image-box-img{margin:auto}.elementor-widget-image-box.elementor-vertical-align-top .elementor-image-box-wrapper{align-items:flex-start}.elementor-widget-image-box.elementor-vertical-align-middle .elementor-image-box-wrapper{align-items:center}.elementor-widget-image-box.elementor-vertical-align-bottom .elementor-image-box-wrapper{align-items:flex-end}}@media (max-width:767px){.elementor-widget-image-box .elementor-image-box-img{margin-left:auto!important;margin-right:auto!important;margin-bottom:15px}}.elementor-widget-image-box .elementor-image-box-img{display:inline-block}.elementor-widget-image-box .elementor-image-box-title a{color:inherit}.elementor-widget-image-box .elementor-image-box-wrapper{text-align:center}.elementor-widget-image-box .elementor-image-box-description{margin:0}<\/style><div class=\"elementor-image-box-wrapper\"><figure class=\"elementor-image-box-img\"><a href=\"\/wp-content\/uploads\/2022\/12\/EN_6M-2022-Albania-Economic-Outlook.pdf\" target=\"_blank\" tabindex=\"-1\"><img decoding=\"async\" width=\"100\" height=\"100\" src=\"https:\/\/www.investment.com.al\/wp-content\/uploads\/2023\/01\/pdf.png\" class=\"attachment-full size-full wp-image-7224\" alt=\"\" \/><\/a><\/figure><div class=\"elementor-image-box-content\"><h3 class=\"elementor-image-box-title\"><a href=\"\/wp-content\/uploads\/2022\/12\/EN_6M-2022-Albania-Economic-Outlook.pdf\" target=\"_blank\">PUBLIKIME T\u00cb SEKRETARIATIT | Korrik 2022<\/a><\/h3><p class=\"elementor-image-box-description\">V\u00ebshtrim mbi treguesit e zhvillimit ekonomik t\u00eb Shqip\u00ebris\u00eb (Gjasht\u00eb mujori i par\u00eb i 2022)<\/p><\/div><\/div>\t\t<\/div>\n\t\t\t\t<\/div>\n\t\t\t\t<div class=\"elementor-element elementor-element-4247b824 elementor-position-left elementor-vertical-align-middle elementor-widget elementor-widget-image-box\" data-id=\"4247b824\" data-element_type=\"widget\" data-widget_type=\"image-box.default\">\n\t\t\t\t<div class=\"elementor-widget-container\">\n\t\t\t<div class=\"elementor-image-box-wrapper\"><figure class=\"elementor-image-box-img\"><a href=\"https:\/\/www.investment.com.al\/wp-content\/uploads\/2022\/08\/AL_Ecuri-e-Progresit-te-Rekomandimeve-te-KI-Janar-Gusht-2022.pdf\" target=\"_blank\" tabindex=\"-1\"><img decoding=\"async\" width=\"100\" height=\"100\" src=\"https:\/\/www.investment.com.al\/wp-content\/uploads\/2023\/01\/pdf.png\" class=\"attachment-full size-full wp-image-7224\" alt=\"\" \/><\/a><\/figure><div class=\"elementor-image-box-content\"><h3 class=\"elementor-image-box-title\"><a href=\"https:\/\/www.investment.com.al\/wp-content\/uploads\/2022\/08\/AL_Ecuri-e-Progresit-te-Rekomandimeve-te-KI-Janar-Gusht-2022.pdf\" target=\"_blank\">PUBLIKIME T\u00cb SEKRETARIATIT| Janar \u2013 Gusht 2022<\/a><\/h3><p class=\"elementor-image-box-description\">Progresi i Rekomandimeve t\u00eb KI <\/p><\/div><\/div>\t\t<\/div>\n\t\t\t\t<\/div>\n\t\t\t\t<div class=\"elementor-element elementor-element-2e2bec36 elementor-widget elementor-widget-heading\" data-id=\"2e2bec36\" data-element_type=\"widget\" data-widget_type=\"heading.default\">\n\t\t\t\t<div class=\"elementor-widget-container\">\n\t\t\t<h2 class=\"elementor-heading-title elementor-size-default\">P\u00cbRMENDJA E K\u00cbSHILLIT T\u00cb INVESTIMEVE N\u00cb MEDIA<\/h2>\t\t<\/div>\n\t\t\t\t<\/div>\n\t\t\t\t<div class=\"elementor-element elementor-element-d1ef8ad elementor-widget elementor-widget-heading\" data-id=\"d1ef8ad\" data-element_type=\"widget\" data-widget_type=\"heading.default\">\n\t\t\t\t<div class=\"elementor-widget-container\">\n\t\t\t<h2 class=\"elementor-heading-title elementor-size-default\"><a href=\"\/wp-content\/uploads\/2022\/12\/AL_6M-2022-Albania-Economic-Outlook.pdf\">Kryeministri Edi Rama me shoqatat e biznesit mbi rekomandimet e tyre p\u00ebr p\u00ebrmir\u00ebsimin e klim\u00ebs s\u00eb biznesit \u2013 Zyra e shtypit e Kryeministrit t\u00eb Shqip\u00ebris\u00eb, 9 shtator 2022<\/a><\/h2>\t\t<\/div>\n\t\t\t\t<\/div>\n\t\t\t\t<div class=\"elementor-element elementor-element-76b0902b elementor-widget elementor-widget-heading\" data-id=\"76b0902b\" data-element_type=\"widget\" data-widget_type=\"heading.default\">\n\t\t\t\t<div class=\"elementor-widget-container\">\n\t\t\t<h2 class=\"elementor-heading-title elementor-size-default\"><a href=\"https:\/\/www.youtube.com\/watch?v=55JDLVdrvNU\" target=\"_blank\">P\u00ebrmir\u00ebsimi i klim\u00ebs s\u00eb biznesit \u2013 Zhvillohet takim i zgjeruar me dhomat e tregtis\u00eb vendase dhe t\u00eb huaja \u2013 Ministria e Financave dhe Ekonomis\u00eb, 9 shtator 2022<\/a><\/h2>\t\t<\/div>\n\t\t\t\t<\/div>\n\t\t\t\t<div class=\"elementor-element elementor-element-5ad8f584 elementor-widget elementor-widget-heading\" data-id=\"5ad8f584\" data-element_type=\"widget\" data-widget_type=\"heading.default\">\n\t\t\t\t<div class=\"elementor-widget-container\">\n\t\t\t<h2 class=\"elementor-heading-title elementor-size-default\"><a href=\"https:\/\/businessmag.al\/mbeshtetje-per-digjitalizimin-e-nmvm-ve-ne-shqiperi-agjencia-shqiptare-e-zhvillimit-te-investimeve\/\" target=\"_blank\">Mb\u00ebshtetje p\u00ebr digjitalizimin e NMVM-ve n\u00eb Shqip\u00ebri, Agjencia Shqiptare e Zhvillimit t\u00eb Investimeve n\u00eb Shqip\u00ebri \u2013 Business Magazine, 20 shtator 2022<\/a><\/h2>\t\t<\/div>\n\t\t\t\t<\/div>\n\t\t\t\t<div class=\"elementor-element elementor-element-79b020d0 elementor-widget elementor-widget-heading\" data-id=\"79b020d0\" data-element_type=\"widget\" data-widget_type=\"heading.default\">\n\t\t\t\t<div class=\"elementor-widget-container\">\n\t\t\t<h2 class=\"elementor-heading-title elementor-size-default\">RRETH K\u00cbSHILLIT T\u00cb INVESTIMEVE<\/h2>\t\t<\/div>\n\t\t\t\t<\/div>\n\t\t\t\t<div class=\"elementor-element elementor-element-169bea11 elementor-widget elementor-widget-heading\" data-id=\"169bea11\" data-element_type=\"widget\" data-widget_type=\"heading.default\">\n\t\t\t\t<div class=\"elementor-widget-container\">\n\t\t\t<p class=\"elementor-heading-title elementor-size-default\">K\u00ebshilli i Investimeve \u00ebsht\u00eb nj\u00eb platform\u00eb e ngritur nga autoritetet shqiptare me mb\u00ebshtetjen e BERZH-it p\u00ebr t\u00eb rritur dialogun midis qeveris\u00eb dhe sektorit privat, p\u00ebr t\u00eb p\u00ebrmir\u00ebsuar klim\u00ebn e biznesit dhe p\u00ebr t\u00eb nxitur qeverisjen e mir\u00eb. Puna e K\u00ebshillit mb\u00ebshtetet nga Sekretariati, nj\u00eb organ i pavarur me profesionist\u00eb t\u00eb p\u00ebrzgjedhur dhe kontraktuar nga BERZH p\u00ebr t\u2019u angazhuar drejtp\u00ebrs\u00ebdrejti me komunitetin e biznesit. K\u00ebshilli Investimeve mb\u00ebshtetet nga Ministria e Financave dhe Ekonomis\u00eb, BERZH dhe Sekretariati Shtet\u00ebror Zvicerian p\u00ebr \u00c7\u00ebshtjet Ekonomike (SECO).<\/p>\t\t<\/div>\n\t\t\t\t<\/div>\n\t\t\t\t\t<\/div>\n\t\t<\/div>\n\t\t\t\t\t\t\t<\/div>\n\t\t<\/section>\n\t\t\t\t\t\t\t<\/div>\n\t\t","protected":false},"featured_media":0,"template":"","categories":[111,37],"tags":[122],"class_list":["post-7295","newsletter_ic","type-newsletter_ic","status-publish","hentry","category-newsletter2022","category-uncategorized-sq","tag-buletine-informative-2022"],"acf":[],"_links":{"self":[{"href":"https:\/\/www.investment.com.al\/sq\/wp-json\/wp\/v2\/newsletter_ic\/7295","targetHints":{"allow":["GET"]}}],"collection":[{"href":"https:\/\/www.investment.com.al\/sq\/wp-json\/wp\/v2\/newsletter_ic"}],"about":[{"href":"https:\/\/www.investment.com.al\/sq\/wp-json\/wp\/v2\/types\/newsletter_ic"}],"version-history":[{"count":8,"href":"https:\/\/www.investment.com.al\/sq\/wp-json\/wp\/v2\/newsletter_ic\/7295\/revisions"}],"predecessor-version":[{"id":8831,"href":"https:\/\/www.investment.com.al\/sq\/wp-json\/wp\/v2\/newsletter_ic\/7295\/revisions\/8831"}],"wp:attachment":[{"href":"https:\/\/www.investment.com.al\/sq\/wp-json\/wp\/v2\/media?parent=7295"}],"wp:term":[{"taxonomy":"category","embeddable":true,"href":"https:\/\/www.investment.com.al\/sq\/wp-json\/wp\/v2\/categories?post=7295"},{"taxonomy":"post_tag","embeddable":true,"href":"https:\/\/www.investment.com.al\/sq\/wp-json\/wp\/v2\/tags?post=7295"}],"curies":[{"name":"wp","href":"https:\/\/api.w.org\/{rel}","templated":true}]}}