{"id":9010,"date":"2023-10-04T07:45:47","date_gmt":"2023-10-04T07:45:47","guid":{"rendered":"https:\/\/www.investment.com.al\/newsletter_ic\/albania-investment-council-main-news-july-september-2023\/"},"modified":"2023-10-04T08:08:21","modified_gmt":"2023-10-04T08:08:21","slug":"keshilli-investimeve-lajmet-kryesore-korrik-shtator-2023","status":"publish","type":"newsletter_ic","link":"https:\/\/www.investment.com.al\/sq\/newsletter_ic\/keshilli-investimeve-lajmet-kryesore-korrik-shtator-2023\/","title":{"rendered":"K\u00ebshilli Investimeve Lajmet Kryesore, Korrik &#8211; Shtator 2023"},"content":{"rendered":"\t\t<div data-elementor-type=\"wp-post\" data-elementor-id=\"9010\" class=\"elementor elementor-9010 elementor-9004\" data-elementor-post-type=\"newsletter_ic\">\n\t\t\t\t\t\t\t\t\t<section class=\"elementor-section elementor-top-section elementor-element elementor-element-861306d elementor-section-full_width elementor-section-height-default elementor-section-height-default\" data-id=\"861306d\" data-element_type=\"section\">\n\t\t\t\t\t\t<div class=\"elementor-container elementor-column-gap-default\">\n\t\t\t\t\t<div class=\"elementor-column elementor-col-100 elementor-top-column elementor-element elementor-element-41bc822\" data-id=\"41bc822\" data-element_type=\"column\">\n\t\t\t<div class=\"elementor-widget-wrap elementor-element-populated\">\n\t\t\t\t\t\t\t\t<div class=\"elementor-element elementor-element-9591f8a elementor-widget elementor-widget-heading\" data-id=\"9591f8a\" data-element_type=\"widget\" data-widget_type=\"heading.default\">\n\t\t\t\t<div class=\"elementor-widget-container\">\n\t\t\t<style>\/*! elementor - v3.18.0 - 20-12-2023 *\/\n.elementor-heading-title{padding:0;margin:0;line-height:1}.elementor-widget-heading .elementor-heading-title[class*=elementor-size-]>a{color:inherit;font-size:inherit;line-height:inherit}.elementor-widget-heading .elementor-heading-title.elementor-size-small{font-size:15px}.elementor-widget-heading .elementor-heading-title.elementor-size-medium{font-size:19px}.elementor-widget-heading .elementor-heading-title.elementor-size-large{font-size:29px}.elementor-widget-heading .elementor-heading-title.elementor-size-xl{font-size:39px}.elementor-widget-heading .elementor-heading-title.elementor-size-xxl{font-size:59px}<\/style><h2 class=\"elementor-heading-title elementor-size-default\">Tema e Mbledhjes s\u00eb Ardhshme t\u00eb KI: P\u00ebr P\u00ebrmir\u00ebsimin e Cil\u00ebsis\u00eb s\u00eb Sh\u00ebrbimeve Publike t\u00eb Digjitalizuara t\u00eb Ofruar Biznesit<\/h2>\t\t<\/div>\n\t\t\t\t<\/div>\n\t\t\t\t<div class=\"elementor-element elementor-element-316af5c elementor-widget elementor-widget-heading\" data-id=\"316af5c\" data-element_type=\"widget\" data-widget_type=\"heading.default\">\n\t\t\t\t<div class=\"elementor-widget-container\">\n\t\t\t<h4 class=\"elementor-heading-title elementor-size-default\">Korrik 2023<\/h4>\t\t<\/div>\n\t\t\t\t<\/div>\n\t\t\t\t<div class=\"elementor-element elementor-element-e097fc8 elementor-widget elementor-widget-text-editor\" data-id=\"e097fc8\" data-element_type=\"widget\" data-widget_type=\"text-editor.default\">\n\t\t\t\t<div class=\"elementor-widget-container\">\n\t\t\t<style>\/*! elementor - v3.18.0 - 20-12-2023 *\/\n.elementor-widget-text-editor.elementor-drop-cap-view-stacked .elementor-drop-cap{background-color:#69727d;color:#fff}.elementor-widget-text-editor.elementor-drop-cap-view-framed .elementor-drop-cap{color:#69727d;border:3px solid;background-color:transparent}.elementor-widget-text-editor:not(.elementor-drop-cap-view-default) .elementor-drop-cap{margin-top:8px}.elementor-widget-text-editor:not(.elementor-drop-cap-view-default) .elementor-drop-cap-letter{width:1em;height:1em}.elementor-widget-text-editor .elementor-drop-cap{float:left;text-align:center;line-height:1;font-size:50px}.elementor-widget-text-editor .elementor-drop-cap-letter{display:inline-block}<\/style>\t\t\t\t<p><span style=\"font-weight: 400;\">Tranzicioni digjital me fokus sh\u00ebrbimet publike ka rimodeluar modelet e biznesit n\u00eb vend, duke stimuluar aft\u00ebsimin dixhital dhe platformat online. Me votim t\u00eb an\u00ebtar\u00ebve t\u00eb KI-s\u00eb mbi tem\u00ebn e ardhshme, Sekretariati u fokusua n\u00eb evidentimin e sfidave t\u00eb sip\u00ebrmarr\u00ebsve vendas p\u00ebr aspekte ky\u00e7e si:<\/span><\/p><ul><li style=\"font-weight: 400;\" aria-level=\"1\"><b>Besimi n\u00eb e-Qeverisje<\/b><span style=\"font-weight: 400;\">: Eksplorimi i besueshm\u00ebris\u00eb dhe efikasitetit t\u00eb sh\u00ebrbimeve digjitale t\u00eb qeveris\u00eb.<\/span><\/li><li style=\"font-weight: 400;\" aria-level=\"1\"><b>Inovacioni n\u00eb Modelet e Biznesit<\/b><span style=\"font-weight: 400;\">: Diskutimi i nevoj\u00ebs p\u00ebr modele inovative t\u00eb biznesit dhe p\u00ebrdorimi i p\u00ebrgjegjsh\u00ebm i teknologjive t\u00eb reja, duke marr\u00eb parasysh implikimet e kostos, ve\u00e7an\u00ebrisht p\u00ebr NVM-t\u00eb.<\/span><\/li><li style=\"font-weight: 400;\" aria-level=\"1\"><b style=\"font-family: 'Open Sans', sans-serif;\">Mb\u00ebshtetja e Administrat\u00ebs Publike<\/b><span style=\"font-family: 'Open Sans', sans-serif;\">: Vler\u00ebsimi i sistemeve mb\u00ebshtet\u00ebse dhe reagimi i administrat\u00ebs publike p\u00ebr t\u00eb p\u00ebrmbushur n\u00eb koh\u00eb nevojat e biznesit.<\/span><\/li><\/ul>\t\t\t\t\t\t<\/div>\n\t\t\t\t<\/div>\n\t\t\t\t<div class=\"elementor-element elementor-element-32bdb9c elementor-widget elementor-widget-heading\" data-id=\"32bdb9c\" data-element_type=\"widget\" data-widget_type=\"heading.default\">\n\t\t\t\t<div class=\"elementor-widget-container\">\n\t\t\t<h2 class=\"elementor-heading-title elementor-size-default\">Konsultime: Sfidat e biznesit p\u00ebr sh\u00ebrbimet publike digjitale<\/h2>\t\t<\/div>\n\t\t\t\t<\/div>\n\t\t\t\t<div class=\"elementor-element elementor-element-734a754 elementor-widget elementor-widget-heading\" data-id=\"734a754\" data-element_type=\"widget\" data-widget_type=\"heading.default\">\n\t\t\t\t<div class=\"elementor-widget-container\">\n\t\t\t<h4 class=\"elementor-heading-title elementor-size-default\">Korrik - Gusht 2023<\/h4>\t\t<\/div>\n\t\t\t\t<\/div>\n\t\t\t\t<div class=\"elementor-element elementor-element-e36d7b4 elementor-widget elementor-widget-text-editor\" data-id=\"e36d7b4\" data-element_type=\"widget\" data-widget_type=\"text-editor.default\">\n\t\t\t\t<div class=\"elementor-widget-container\">\n\t\t\t\t\t\t\t<p><span style=\"font-weight: 400;\">Sekretariati p\u00ebrfundoi me sukses faz\u00ebn e konsultimit n\u00eb p\u00ebrputhje me p\u00ebrgatitjet p\u00ebr Mbledhjen e Ardhshme t\u00eb K\u00ebshillit t\u00eb Investimeve. P\u00ebr nj\u00eb panoram\u00eb sa m\u00eb gjith\u00ebp\u00ebrfshir\u00ebse t\u00eb progresit por edhe\u00a0 t\u00eb sfidave t\u00eb sip\u00ebrmarr\u00ebsve n\u00eb lidhje me sh\u00ebrbimet publike digjitale, Sekretariati bashk\u00ebpunoi me aktor\u00eb t\u00eb ndrysh\u00ebm duke realizuar:<\/span><\/p><ul><li style=\"font-weight: 400;\" aria-level=\"1\"><b>Intervista t\u00eb drejtp\u00ebrdrejta<\/b><span style=\"font-weight: 400;\">: Intervista t\u00eb thelluara me p\u00ebrfaq\u00ebsues kryesor\u00eb si nga sektori publik ashtu edhe nga ai privat.<\/span><\/li><li style=\"font-weight: 400;\" aria-level=\"1\"><b>Konsultim n\u00eb nivel teknik<\/b><span style=\"font-weight: 400;\">: N\u00eb bashk\u00ebpunim me Dhom\u00ebn Ekonomike t\u00eb Gruas, Qendr\u00ebn Komb\u00ebtare t\u00eb Biznesit dhe shoqata te biznesit, si edhe ekspert\u00eb t\u00eb pavarur u zhvilluan tre mbledhje teknike me pjes\u00ebmarrjen aktive t\u00eb 50 p\u00ebrfaq\u00ebsuesve nga sektori privat dhe Agjencia Komb\u00ebtare e Shoq\u00ebris\u00eb s\u00eb Informacionit.<\/span><\/li><li style=\"font-weight: 400;\" aria-level=\"1\"><b style=\"font-family: 'Open Sans', sans-serif;\">Anket\u00eb<\/b><span style=\"font-family: 'Open Sans', sans-serif;\">: Sekretariati realizoi nj\u00eb anket\u00eb me 324 kompani p\u00ebrmes nj\u00eb pyet\u00ebsori t\u00eb strukturuar, duke mbledhur informacion t\u00eb drejtp\u00ebrdrejt\u00eb nga komuniteti i biznesit.<\/span><\/li><\/ul>\t\t\t\t\t\t<\/div>\n\t\t\t\t<\/div>\n\t\t\t\t<div class=\"elementor-element elementor-element-d6b0f71 elementor-widget elementor-widget-heading\" data-id=\"d6b0f71\" data-element_type=\"widget\" data-widget_type=\"heading.default\">\n\t\t\t\t<div class=\"elementor-widget-container\">\n\t\t\t<h2 class=\"elementor-heading-title elementor-size-default\">Sekretariati merr pjes\u00eb n\u00eb Mbledhjen e Par\u00eb t\u00eb Grupit Nd\u00ebrinstitucional t\u00eb Pun\u00ebs p\u00ebr P\u00ebrgatitjen e Udh\u00ebrr\u00ebfyesit p\u00ebr Arritjen e Objektivave t\u00eb Zhvillimit t\u00eb Q\u00ebndruesh\u00ebm<\/h2>\t\t<\/div>\n\t\t\t\t<\/div>\n\t\t\t\t<div class=\"elementor-element elementor-element-34ae1ab elementor-widget elementor-widget-heading\" data-id=\"34ae1ab\" data-element_type=\"widget\" data-widget_type=\"heading.default\">\n\t\t\t\t<div class=\"elementor-widget-container\">\n\t\t\t<h4 class=\"elementor-heading-title elementor-size-default\">12 Korrik 2023<\/h4>\t\t<\/div>\n\t\t\t\t<\/div>\n\t\t\t\t<div class=\"elementor-element elementor-element-23cf4f8 elementor-widget elementor-widget-heading\" data-id=\"23cf4f8\" data-element_type=\"widget\" data-widget_type=\"heading.default\">\n\t\t\t\t<div class=\"elementor-widget-container\">\n\t\t\t<p class=\"elementor-heading-title elementor-size-default\">Drejtorja e Sekretariatit t\u00eb K\u00ebshillit t\u00eb Investimeve mori pjes\u00eb n\u00eb mbledhjen e par\u00eb t\u00eb grupit nd\u00ebrinstitucional t\u00eb pun\u00ebs ngritur me urdh\u00ebr t\u00eb Kryeministrit p\u00ebr p\u00ebrgatitjen e nj\u00eb udh\u00ebrr\u00ebfyesi p\u00ebr arritjen e Objektivave t\u00eb Zhvillimit t\u00eb Q\u00ebndruesh\u00ebm (SDGs) brenda vitit 2023 dhe p\u00ebr t\u00eb identifikuar dhe zhvilluar mjetet p\u00ebr zbatimin e masave p\u00ebr arritjen e SDG-ve. Ky grup kryesohet nga Drejtori i P\u00ebrgjithsh\u00ebm i Agjencis\u00eb Shtet\u00ebrore t\u00eb Programimit Strategjik dhe Koordinimit t\u00eb Ndihm\u00ebs (SASPAC) dhe p\u00ebrb\u00ebhet nga p\u00ebrfaq\u00ebsues nga ministri t\u00eb ndryshme dhe institucione ky\u00e7e. <\/p>\t\t<\/div>\n\t\t\t\t<\/div>\n\t\t\t\t<div class=\"elementor-element elementor-element-8ec8f13 elementor-widget elementor-widget-heading\" data-id=\"8ec8f13\" data-element_type=\"widget\" data-widget_type=\"heading.default\">\n\t\t\t\t<div class=\"elementor-widget-container\">\n\t\t\t<h2 class=\"elementor-heading-title elementor-size-default\">[PUBLIKIM I RI] V\u00ebshtrim mbi Treguesit e Zhvillimit Ekonomik t\u00eb Shqip\u00ebris\u00eb p\u00ebr gjasht\u00ebmujorin e par\u00eb t\u00eb vitit 2023<\/h2>\t\t<\/div>\n\t\t\t\t<\/div>\n\t\t\t\t<div class=\"elementor-element elementor-element-ebe80e8 elementor-widget elementor-widget-heading\" data-id=\"ebe80e8\" data-element_type=\"widget\" data-widget_type=\"heading.default\">\n\t\t\t\t<div class=\"elementor-widget-container\">\n\t\t\t<h4 class=\"elementor-heading-title elementor-size-default\">Korrik 2023<\/h4>\t\t<\/div>\n\t\t\t\t<\/div>\n\t\t\t\t<div class=\"elementor-element elementor-element-173a80e elementor-widget elementor-widget-text-editor\" data-id=\"173a80e\" data-element_type=\"widget\" data-widget_type=\"text-editor.default\">\n\t\t\t\t<div class=\"elementor-widget-container\">\n\t\t\t\t\t\t\tSekretariati publikoi p\u00ebrmbledhjen e treguesve kryesor\u00eb makroekonomik\u00eb t\u00eb Shqip\u00ebris\u00eb dhe Ballkanit Per\u00ebndimor p\u00ebr gjysm\u00ebn e par\u00eb t\u00eb vitit 2023 sipas publikimit t\u00eb tyre n\u00eb burime zyrtare komb\u00ebtare dhe nd\u00ebrkomb\u00ebtare.\t\t\t\t\t\t<\/div>\n\t\t\t\t<\/div>\n\t\t\t\t<div class=\"elementor-element elementor-element-ed270a2 elementor-widget elementor-widget-button\" data-id=\"ed270a2\" data-element_type=\"widget\" data-widget_type=\"button.default\">\n\t\t\t\t<div class=\"elementor-widget-container\">\n\t\t\t\t\t<div class=\"elementor-button-wrapper\">\n\t\t\t<a class=\"elementor-button elementor-button-link elementor-size-sm\" href=\"https:\/\/www.investment.com.al\/wp-content\/uploads\/2023\/07\/AL_Albania-Economic-Outlook-2023-H1.pdf\">\n\t\t\t\t\t\t<span class=\"elementor-button-content-wrapper\">\n\t\t\t\t\t\t<span class=\"elementor-button-icon elementor-align-icon-right\">\n\t\t\t\t<i aria-hidden=\"true\" class=\"fas fa-angle-right\"><\/i>\t\t\t<\/span>\n\t\t\t\t\t\t<span class=\"elementor-button-text\">Read More<\/span>\n\t\t<\/span>\n\t\t\t\t\t<\/a>\n\t\t<\/div>\n\t\t\t\t<\/div>\n\t\t\t\t<\/div>\n\t\t\t\t<div class=\"elementor-element elementor-element-07f61df elementor-widget elementor-widget-heading\" data-id=\"07f61df\" data-element_type=\"widget\" data-widget_type=\"heading.default\">\n\t\t\t\t<div class=\"elementor-widget-container\">\n\t\t\t<h2 class=\"elementor-heading-title elementor-size-default\">[PUBLIKIM I RI] Progresi i Rekomandimeve t\u00eb KI, janar-qershor 2023<\/h2>\t\t<\/div>\n\t\t\t\t<\/div>\n\t\t\t\t<div class=\"elementor-element elementor-element-544ddd7 elementor-widget elementor-widget-heading\" data-id=\"544ddd7\" data-element_type=\"widget\" data-widget_type=\"heading.default\">\n\t\t\t\t<div class=\"elementor-widget-container\">\n\t\t\t<h4 class=\"elementor-heading-title elementor-size-default\">Gusht 2023<\/h4>\t\t<\/div>\n\t\t\t\t<\/div>\n\t\t\t\t<div class=\"elementor-element elementor-element-00ba14a elementor-widget elementor-widget-heading\" data-id=\"00ba14a\" data-element_type=\"widget\" data-widget_type=\"heading.default\">\n\t\t\t\t<div class=\"elementor-widget-container\">\n\t\t\t<p class=\"elementor-heading-title elementor-size-default\">Raportimi i progresit dhe sfidave t\u00eb zbatimit t\u00eb rekomandimeve t\u00eb K\u00ebshillit t\u00eb Investimeve p\u00ebrb\u00ebn tashm\u00eb nj\u00eb funksion sistemik, t\u00eb mir\u00eb strukturuar t\u00eb pun\u00ebs s\u00eb tij. Krahasuar me fundvitin e 2022, v\u00ebrehet nj\u00eb rritje prej 4.6% t\u00eb rekomandimeve t\u00eb p\u00ebrmbushura, duke arritur totalin prej 48.6%, nd\u00ebrsa n\u00eb proces 16.8%.<\/p>\t\t<\/div>\n\t\t\t\t<\/div>\n\t\t\t\t<div class=\"elementor-element elementor-element-c07e8b2 elementor-widget elementor-widget-button\" data-id=\"c07e8b2\" data-element_type=\"widget\" data-widget_type=\"button.default\">\n\t\t\t\t<div class=\"elementor-widget-container\">\n\t\t\t\t\t<div class=\"elementor-button-wrapper\">\n\t\t\t<a class=\"elementor-button elementor-button-link elementor-size-sm\" href=\"https:\/\/www.investment.com.al\/wp-content\/uploads\/2023\/08\/Progres-i-rekomandimeve-te-Keshillit-te-Investimeve-Janar-Qershor-2023.pdf\">\n\t\t\t\t\t\t<span class=\"elementor-button-content-wrapper\">\n\t\t\t\t\t\t<span class=\"elementor-button-icon elementor-align-icon-right\">\n\t\t\t\t<i aria-hidden=\"true\" class=\"fas fa-angle-right\"><\/i>\t\t\t<\/span>\n\t\t\t\t\t\t<span class=\"elementor-button-text\">Read More<\/span>\n\t\t<\/span>\n\t\t\t\t\t<\/a>\n\t\t<\/div>\n\t\t\t\t<\/div>\n\t\t\t\t<\/div>\n\t\t\t\t<div class=\"elementor-element elementor-element-823f4c8 elementor-widget elementor-widget-heading\" data-id=\"823f4c8\" data-element_type=\"widget\" data-widget_type=\"heading.default\">\n\t\t\t\t<div class=\"elementor-widget-container\">\n\t\t\t<h2 class=\"elementor-heading-title elementor-size-default\">Sekretariati kontribuon n\u00eb Samitin e IV t\u00eb Gruas s\u00eb Diaspor\u00ebs Shqiptare <\/h2>\t\t<\/div>\n\t\t\t\t<\/div>\n\t\t\t\t<div class=\"elementor-element elementor-element-a7ccffc elementor-widget elementor-widget-heading\" data-id=\"a7ccffc\" data-element_type=\"widget\" data-widget_type=\"heading.default\">\n\t\t\t\t<div class=\"elementor-widget-container\">\n\t\t\t<h4 class=\"elementor-heading-title elementor-size-default\">15 shtator 2023<\/h4>\t\t<\/div>\n\t\t\t\t<\/div>\n\t\t\t\t<div class=\"elementor-element elementor-element-d07373e elementor-widget elementor-widget-heading\" data-id=\"d07373e\" data-element_type=\"widget\" data-widget_type=\"heading.default\">\n\t\t\t\t<div class=\"elementor-widget-container\">\n\t\t\t<p class=\"elementor-heading-title elementor-size-default\">Sekretariati i K\u00ebshillit t\u00eb Investimeve mori pjes\u00eb n\u00eb Samitin e Kat\u00ebrt t\u00eb Gruas s\u00eb Diaspor\u00ebs Shqiptare, nj\u00eb ngjarje e r\u00ebnd\u00ebsishme e organizuar nga Dhoma e Biznesit t\u00eb Diaspor\u00ebs Shqiptare (ADBC)\u2014an\u00ebtare e biznesit n\u00eb KI. Me tem\u00ebn \"Me mendje dhe zem\u00ebr n\u00eb Shqip\u00ebri\", samiti mblodhi bashk\u00eb partner\u00eb t\u00eb nderuar si Center for International Private Enterprise (CIPE), Bashk\u00ebpunimi Nd\u00ebrkomb\u00ebtar Gjerman (GIZ) dhe organizata t\u00eb shumta komb\u00ebtare dhe nd\u00ebrkomb\u00ebtare. Aktiviteti bashkoi m\u00eb shum\u00eb se 130 gra, duke p\u00ebrfshir\u00eb p\u00ebrfaq\u00ebsues t\u00eb nivelit t\u00eb lart\u00eb nga Shqip\u00ebria dhe Kosova, profesionist\u00eb, drejtues biznesesh, akademik\u00eb dhe organizata nd\u00ebrkomb\u00ebtare; si dhe mbi 450 pjes\u00ebmarr\u00ebs q\u00eb u bashkuan online.\n\nGjat\u00eb Panelit t\u00eb Ekonomis\u00eb Digjitale, Drejtorja e Sekretariatit, znj. Diana Leka (Angoni), theksoi sfidat me t\u00eb cilat p\u00ebrballen grat\u00eb sip\u00ebrmarr\u00ebse vendase, ve\u00e7an\u00ebrisht n\u00eb p\u00ebrvet\u00ebsimin e aft\u00ebsive digjitale dhe p\u00ebrdorimin efikas t\u00eb platformave digjitale, dhe avokoi p\u00ebr nevoj\u00ebn p\u00ebr mb\u00ebshtetje n\u00eb m\u00ebnyr\u00eb t\u00eb q\u00ebndrueshme nga ana e diaspor\u00ebs n\u00eb k\u00ebto dy drejtime.<\/p>\t\t<\/div>\n\t\t\t\t<\/div>\n\t\t\t\t<div class=\"elementor-element elementor-element-da917aa elementor-widget elementor-widget-heading\" data-id=\"da917aa\" data-element_type=\"widget\" data-widget_type=\"heading.default\">\n\t\t\t\t<div class=\"elementor-widget-container\">\n\t\t\t<h2 class=\"elementor-heading-title elementor-size-default\">Kryetari i Ri i K\u00ebshillit t\u00eb Investimeve<\/h2>\t\t<\/div>\n\t\t\t\t<\/div>\n\t\t\t\t<div class=\"elementor-element elementor-element-0db2251 elementor-widget elementor-widget-heading\" data-id=\"0db2251\" data-element_type=\"widget\" data-widget_type=\"heading.default\">\n\t\t\t\t<div class=\"elementor-widget-container\">\n\t\t\t<h4 class=\"elementor-heading-title elementor-size-default\">18 shtator 2023<\/h4>\t\t<\/div>\n\t\t\t\t<\/div>\n\t\t\t\t<div class=\"elementor-element elementor-element-68dae97 elementor-widget elementor-widget-heading\" data-id=\"68dae97\" data-element_type=\"widget\" data-widget_type=\"heading.default\">\n\t\t\t\t<div class=\"elementor-widget-container\">\n\t\t\t<p class=\"elementor-heading-title elementor-size-default\">Z. Ervin Mete u em\u00ebrua Ministri i ri i Financave dhe Ekonomis\u00eb pas njoftimit n\u00eb fillim t\u00eb shtatorit nga kryeministri Edi Rama p\u00ebr riorganizimin e kabinetit t\u00eb tij. N\u00eb k\u00ebt\u00eb funksion, z. Mete u b\u00eb Kryetari i ri i KI-s\u00eb, duke marr\u00eb detyr\u00ebn nga znj. Delina Ibrahimaj, e cila drejtoi K\u00ebshillin gjat\u00eb periudh\u00ebs 2021-2023 dhe q\u00eb do t\u00eb vazhdoj\u00eb kontributin e saj si an\u00ebtare e KI n\u00eb cil\u00ebsin\u00eb e Ministres s\u00eb Shtetit p\u00ebr Mbrojtjen e Sip\u00ebrmarrjes. Drejtorja e Sekretariatit zhvilloi nj\u00eb takim prezantues me z. Mete dhe kabinetin e tij p\u00ebr t'i p\u00ebrdit\u00ebsuar ata mbi aktivitetet e KI-s\u00eb dhe p\u00ebrgatitjet p\u00ebr mbledhjen e ardhshme t\u00eb KI, planifikuar t\u00eb mbahet m\u00eb 6 tetor 2023. Nje v\u00ebmendje e vecante, iu kushtua edhe p\u00ebrdit\u00ebsimit t\u00eb axhend\u00ebs s\u00eb KI p\u00ebr 2023 dhe statusit t\u00eb rekomandimeve.<\/p>\t\t<\/div>\n\t\t\t\t<\/div>\n\t\t\t\t<div class=\"elementor-element elementor-element-5fea6c1 elementor-widget elementor-widget-heading\" data-id=\"5fea6c1\" data-element_type=\"widget\" data-widget_type=\"heading.default\">\n\t\t\t\t<div class=\"elementor-widget-container\">\n\t\t\t<h2 class=\"elementor-heading-title elementor-size-default\">RRETH K\u00cbSHILLIT T\u00cb INVESTIMEVE<\/h2>\t\t<\/div>\n\t\t\t\t<\/div>\n\t\t\t\t<div class=\"elementor-element elementor-element-764fff2 elementor-widget elementor-widget-heading\" data-id=\"764fff2\" data-element_type=\"widget\" data-widget_type=\"heading.default\">\n\t\t\t\t<div class=\"elementor-widget-container\">\n\t\t\t<p class=\"elementor-heading-title elementor-size-default\">K\u00ebshilli i Investimeve \u00ebsht\u00eb nj\u00eb platform\u00eb e mb\u00ebshtetur nga Qeveria Shqiptare, Banka Evropiane p\u00ebr Rind\u00ebrtim dhe Zhvillim (BERZH) dhe Sekretariati Shtet\u00ebror Zvicerian p\u00ebr \u00c7\u00ebshtje Ekonomike (SECO) p\u00ebr t\u00eb nxitur dialogun publik \u2013 privat n\u00eb kuad\u00ebr t\u00eb p\u00ebrmir\u00ebsimit t\u00eb klim\u00ebs s\u00eb investimeve n\u00eb vend. P\u00ebr m\u00eb shum\u00eb vizitoni <a href=\"www.investment.com.al\">www.investment.com.al<\/a>.<\/p>\t\t<\/div>\n\t\t\t\t<\/div>\n\t\t\t\t\t<\/div>\n\t\t<\/div>\n\t\t\t\t\t\t\t<\/div>\n\t\t<\/section>\n\t\t\t\t\t\t\t<\/div>\n\t\t","protected":false},"featured_media":0,"template":"","categories":[228],"tags":[234],"class_list":["post-9010","newsletter_ic","type-newsletter_ic","status-publish","hentry","category-newsletter-2023","tag-buletine-informative-2023"],"acf":[],"_links":{"self":[{"href":"https:\/\/www.investment.com.al\/sq\/wp-json\/wp\/v2\/newsletter_ic\/9010","targetHints":{"allow":["GET"]}}],"collection":[{"href":"https:\/\/www.investment.com.al\/sq\/wp-json\/wp\/v2\/newsletter_ic"}],"about":[{"href":"https:\/\/www.investment.com.al\/sq\/wp-json\/wp\/v2\/types\/newsletter_ic"}],"version-history":[{"count":7,"href":"https:\/\/www.investment.com.al\/sq\/wp-json\/wp\/v2\/newsletter_ic\/9010\/revisions"}],"predecessor-version":[{"id":9018,"href":"https:\/\/www.investment.com.al\/sq\/wp-json\/wp\/v2\/newsletter_ic\/9010\/revisions\/9018"}],"wp:attachment":[{"href":"https:\/\/www.investment.com.al\/sq\/wp-json\/wp\/v2\/media?parent=9010"}],"wp:term":[{"taxonomy":"category","embeddable":true,"href":"https:\/\/www.investment.com.al\/sq\/wp-json\/wp\/v2\/categories?post=9010"},{"taxonomy":"post_tag","embeddable":true,"href":"https:\/\/www.investment.com.al\/sq\/wp-json\/wp\/v2\/tags?post=9010"}],"curies":[{"name":"wp","href":"https:\/\/api.w.org\/{rel}","templated":true}]}}