{"id":5563,"date":"2015-07-01T13:03:19","date_gmt":"2015-07-01T13:03:19","guid":{"rendered":"https:\/\/investment.com.al\/2015\/07\/01\/mblidhet-keshilli-i-investimeve-prezantohet-reforma-e-deregulimit\/"},"modified":"2022-12-30T10:25:48","modified_gmt":"2022-12-30T10:25:48","slug":"mblidhet-keshilli-i-investimeve-prezantohet-reforma-e-deregulimit","status":"publish","type":"post","link":"https:\/\/www.investment.com.al\/sq\/mblidhet-keshilli-i-investimeve-prezantohet-reforma-e-deregulimit\/","title":{"rendered":"Mblidhet K\u00ebshilli i investimeve, prezantohet reforma e deregulimit"},"content":{"rendered":"<p style=\"text-align: justify\"><strong>Mblidhet K\u00ebshilli i investimeve, prezantohet reforma e deregulimit\/\/ <\/strong><\/p>\n<div id=\"masterwrapper\">\n<div id=\"wrapper\">\n<div id=\"footerwrapper\">\n<div id=\"footerwrapper2\">\n<div id=\"page\">\n<div id=\"container\">\n<div id=\"leftContent\">\n<div class=\"page newsDetailsContainer\">\n<div class=\"detailsNewsContainer\">\n<div class=\"pageDescription\">\n<p style=\"text-align: justify\">U mbajt sot Mbledhja e par\u00eb e K\u00ebshillit t\u00eb Investimeve, drejtuar nga Ministri i Zhvillimit Ekonomik, Turizmit, Tregtis\u00eb dhe Sip\u00ebrmarrjes, Arben Ahmetaj, nj\u00ebher\u00ebsh edhe Kryetari i K\u00ebshillit. Pas miratimit t\u00eb VKM \u201cP\u00ebr krijimin dhe funksionimin e K\u00ebshillit t\u00eb Investimeve\u201d dat\u00eb 8 prill 2015, u p\u00ebrcaktua edhe p\u00ebrb\u00ebrja e tij, me p\u00ebrfaq\u00ebsues nga qeveria, partner\u00ebt nd\u00ebrkomb\u00ebtar\u00eb dhe komuniteti i biznesit. K\u00ebshtu, pjes\u00eb e K\u00ebshillit jan\u00eb Ministrat Bledi Cuci dhe Ermonela Felaj, Guvernatori i Bank\u00ebs s\u00eb Shqip\u00ebris\u00eb Gent Sejko, Kreu i tatimeve dhe Doganave, Ambasadorja e Delegacionit t\u00eb BE, P\u00ebrfaq\u00ebsia e Bank\u00ebs Bot\u00ebrore dhe IFC, BERZH dhe p\u00ebrfaq\u00ebsuesit e biznesit, Dhoma e Tregtis\u00eb dhe Industris\u00eb Tiran\u00eb, Dhoma Amerikane e Tregtis\u00eb, Dhoma Britanike e Tregtis\u00eb, Dhoma Italiane e Tregtis\u00eb, Biznes Albania etj. K\u00ebshilli funksionin si nj\u00eb organ konsultues p\u00ebr sugjerimin, diskutimin dhe inicimin e nismave dhe reformave n\u00eb kuad\u00ebr t\u00eb p\u00ebrmir\u00ebsimit t\u00eb klim\u00ebs s\u00eb investimeve dhe biznesit n\u00eb vend.<\/p>\n<p style=\"text-align: justify\">N\u00eb fjal\u00ebn e tij Ministri Ahmetaj\u00a0 tha se K\u00ebshilli i Investimeve \u00ebsht\u00eb nj\u00eb vler\u00eb e shtuar n\u00eb t\u00eb gjith\u00eb at\u00eb platform\u00eb q\u00eb ka ngritur qeveria n\u00eb dialogun me sip\u00ebrmarrjen n\u00eb nivele t\u00eb ndryshme, qoft\u00eb n\u00eb nivele politikash, diskutimi teknik apo \u00e7\u00ebshtjesh specifike.<\/p>\n<p style=\"text-align: justify\">\u201cJam i bindur se ky angazhim vjen n\u00eb momentin dhe koh\u00ebn e duhur, p\u00ebr shkak t\u00eb reformave t\u00eb r\u00ebnd\u00ebsishme strukturore t\u00eb nd\u00ebrmarra nga qeveria, t\u00eb cilat kan\u00eb b\u00ebr\u00eb q\u00eb ekonomia shqiptare t\u00eb jet\u00eb n\u00eb nj\u00eb faz\u00eb t\u00eb thell\u00eb transformimi, por nj\u00ebkoh\u00ebsisht dhe oportunitetesh t\u00eb m\u00ebdha\u201d\u00a0 &#8211; tha Ahmetaj.<\/p>\n<p style=\"text-align: justify\">N\u00eb vijim Ministri prezantoi draftin e qeveris\u00eb shqiptare n\u00eb kuad\u00ebr t\u00eb reform\u00ebs s\u00eb deregulimit, i cili pas konsultimit me pal\u00ebt do t\u00eb d\u00ebrgohet p\u00ebr diskutim dhe vendimmarrje pran\u00eb K\u00ebshillit t\u00eb Ministrave.<\/p>\n<p style=\"text-align: justify\">Pjes\u00eb e reform\u00ebs do t\u00eb jet\u00eb rishikimi i autorizimeve dhe lejeve e licensave. Sikurse u shpreh Ministri Ahmetaj, ka mbi 136 autorizime q\u00eb jepen sot, nj\u00eb pjes\u00eb e mir\u00eb e t\u00eb cilave do t\u00eb rishikohen n\u00eb funksion t\u00eb leht\u00ebsimit s\u00eb t\u00eb b\u00ebrit biznes, kryesisht ato autorizime t\u00eb cilat p\u00ebrb\u00ebjn\u00eb mbirregullim t\u00eb sektor\u00ebve apo q\u00eb derivojn\u00eb nga ligji sektorial si dhe atyre q\u00eb nuk trajtohen n\u00eb mb\u00ebshtetje t\u00eb akteve n\u00ebnligjore.<\/p>\n<p style=\"text-align: justify\">Faza e dyt\u00eb e k\u00ebsaj reforme do t\u00eb trajtoj\u00eb\u00a0 lejet dhe licensat m\u00eb q\u00ebllim shfuqizimin\u00a0 atyre q\u00eb do t\u00eb konsiderohen t\u00eb panevojshme.<\/p>\n<p style=\"text-align: justify\">Ministri Ahmetaj theksoi se n\u00eb funksion t\u00eb k\u00ebsaj reforme \u00ebsht\u00eb edhe projekti i ofrimit t\u00eb nj\u00eb dritare unike p\u00ebr regjistrimin dhe licensimin e bizneseve p\u00ebrmes bashkimit t\u00eb QKR dhe QKL.<\/p>\n<p style=\"text-align: justify\">\u201cNe po b\u00ebjm\u00eb nj\u00eb analiz\u00eb t\u00eb thell\u00eb p\u00ebr \u00a0inventarizimin e t\u00eb gjitha sh\u00ebrbimeve publike q\u00eb ofrohen sot nga administrata dhe shum\u00eb shpejt do t\u00eb realizojm\u00eb edhe dixhitalizimin e k\u00ebtij inventari. Q\u00ebllimi final \u00ebsht\u00eb reduktimi i koh\u00ebs, afateve, procedurave dhe kostove p\u00ebr biznesin, krijimin e nj\u00eb klime sa m\u00eb t\u00eb favorshme dhe mb\u00ebshtet\u00ebse p\u00ebr sip\u00ebrmarrjen dhe investitor\u00ebt\u201d \u2013 p\u00ebrfundoi Ministri.<\/p>\n<p style=\"text-align: justify\">***<\/p>\n<p style=\"text-align: justify\"><strong>Fjala e Ministrit Arben Ahmetaj n\u00eb hapjen e Mbledhjes:<\/strong><\/p>\n<p style=\"text-align: justify\">P\u00ebrsh\u00ebndetje t\u00eb gjith\u00ebve<\/p>\n<p style=\"text-align: justify\">Kjo \u00ebsht\u00eb mbledhja e par\u00eb e K\u00ebshillit t\u00eb Investimeve. Ju fal\u00ebnderoj p\u00ebr prezenc\u00ebn n\u00eb k\u00ebt\u00eb mbledhje. Tashm\u00eb p\u00ebrb\u00ebrja dhe funksionimi i k\u00ebtij K\u00ebshilli jan\u00eb konstituuar me kalimin e vendimit t\u00eb K\u00ebshillit t\u00eb Ministrave \u201cP\u00ebr krijimin dhe funksionimin e K\u00ebshillit t\u00eb Investimeve\u201d, n\u00eb dat\u00ebn 8 prill 2015. N\u00eb 15 prill, n\u00eb nj\u00eb event publik s\u00eb bashku me Kryeministrin dhe drejtorin e BERZH, Alan Rousso, si dhe me prezenc\u00ebn e nderuar tuaj\u00ebn, n\u00eb prezantuam krijimin e k\u00ebtij K\u00ebshilli, i cili duke nisur nga sot do t\u00eb mblidhet n\u00eb m\u00ebnyr\u00eb t\u00eb rregullt, \u00e7do tre muaj, p\u00ebr t\u00eb diskutuar dhe konsultuar me partner\u00ebt tan\u00eb nd\u00ebrkomb\u00ebtare dhe me p\u00ebrfaq\u00ebsuesit e komunitetit t\u00eb biznesit, po ashtu, mbi tematikat t\u00eb cilat p\u00ebrmes Sekretariatit i kemi dakord\u00ebsuar me an\u00ebtar\u00ebt e K\u00ebshillit.<\/p>\n<p style=\"text-align: justify\">Gjej rastin t\u00eb fal\u00ebnderoj BERZH dhe qeverin\u00eb italiane, q\u00eb b\u00ebn\u00eb t\u00eb mundur ngritjen e k\u00ebtij K\u00ebshilli t\u00eb Investimeve.<\/p>\n<p style=\"text-align: justify\">Para se t\u00eb filloj me axhend\u00ebn e dit\u00ebs s\u00eb sotme, d\u00ebshiroj t\u00eb theksoj se ky \u00ebsht\u00eb nj\u00eb model q\u00eb ekziston n\u00eb t\u00eb gjitha demokracit\u00eb per\u00ebndimore, ku sip\u00ebrmarrja bashk\u00ebbisedon me qeverin\u00eb, dhe besoj, jam i bindur q\u00eb do t\u2019i sh\u00ebrbej\u00eb transparenc\u00ebs dhe angazhimit serioz t\u00eb qeveris\u00eb p\u00ebr t\u00eb institucionalizuar dialogun dhe bashk\u00ebpunimin me sektorin privat, si faktor i r\u00ebnd\u00ebsish\u00ebm i mir\u00ebqeverisjes s\u00eb vendit.<\/p>\n<p style=\"text-align: justify\">K\u00ebshilli Ekonomik Komb\u00ebtar \u00ebsht\u00eb nj\u00eb shembull shum\u00eb i mir\u00eb. Ka gati dy vjet q\u00eb funksionon dhe krijimi i K\u00ebshillit t\u00eb Investimeve \u00ebsht\u00eb nj\u00eb vler\u00eb e shtuar n\u00eb t\u00eb gjith\u00eb at\u00eb platform\u00eb q\u00eb ka ngritur qeveria n\u00eb dialogun me sip\u00ebrmarrjen n\u00eb nivele t\u00eb ndryshme, qoft\u00eb n\u00eb nivele politikash, qoft\u00eb n\u00eb nivele diskutimi teknik apo \u00e7\u00ebshtje specifike.<\/p>\n<p style=\"text-align: justify\">Jam i bindur se ky angazhim vjen n\u00eb momentin dhe koh\u00ebn e duhur, p\u00ebr shkak t\u00eb reformave t\u00eb r\u00ebnd\u00ebsishme strukturore t\u00eb nd\u00ebrmarra nga qeveria, t\u00eb cilat kan\u00eb b\u00ebr\u00eb q\u00eb ekonomia shqiptare t\u00eb jen\u00eb n\u00eb nj\u00eb faz\u00eb t\u00eb thell\u00eb transformimi, por nj\u00ebkoh\u00ebsisht dhe oportunitetesh t\u00eb m\u00ebdha.<\/p>\n<p style=\"text-align: justify\">\u00a0Dua t\u00eb ndaj me ju q\u00eb ekonomia shqiptare ka marr\u00eb tashm\u00eb kthes\u00ebn pozitive dhe megjith\u00ebse n\u00eb \u201cbackground\u201d ka kriza kaq t\u00eb papritura dhe t\u00eb v\u00ebshtira si\u00e7 jan\u00eb ato t\u00eb situat\u00ebs n\u00eb Greqi, ne me k\u00ebnaq\u00ebsi shohim q\u00eb dhe n\u00eb muajt e fundit konsumi ka nj\u00eb rritje t\u00eb konsiderueshme prej 4.7 p\u00ebr qind dhe trendin e ka shum\u00eb pozitive.<\/p>\n<p style=\"text-align: justify\">Vet\u00ebm vende t\u00eb reja pune jan\u00eb krijuar 106,121 q\u00eb nga momenti i fillimit t\u00eb qeverisjes s\u00eb qeveris\u00eb Rama.<\/p>\n<p style=\"text-align: justify\">Ka nj\u00eb rekord investimesh t\u00eb huaja n\u00eb tremujorin e par\u00eb t\u00eb k\u00ebtij viti rreth 258 milion\u00eb euro dhe sfida p\u00ebr t\u00eb rritur investimet e huaja \u00ebsht\u00eb e madhe, dhe t\u00eb gjith\u00eb k\u00ebto instrumente i sh\u00ebrbejn\u00eb po atij q\u00ebllimi.<\/p>\n<p style=\"text-align: justify\">N\u00eb t\u00eb nj\u00ebjt\u00ebn koh\u00eb, nj\u00eb sfid\u00eb t\u00eb madhe kemi kreditimin e ekonomis\u00eb. Si\u00e7 besoj e dini, ka ta pakt\u00ebn 3 vite q\u00eb kreditimi ka pasur nj\u00eb rritje shum\u00eb modeste dhe t\u00eb pamjaftueshme. Besojm\u00eb se ajo q\u00eb po b\u00ebjm\u00eb me strategjin\u00eb e kredive me probleme do ta leht\u00ebsoj\u00eb ose do t\u00eb promovoj\u00eb rritjen e kreditimit n\u00eb Shqip\u00ebri. Ne jemi t\u00eb nd\u00ebrgjegjsh\u00ebm q\u00eb sektori privat n\u00eb Shqip\u00ebri kontribuon me 80 p\u00ebr qind t\u00eb Prodhimit t\u00eb Brendsh\u00ebm Bruto dhe krijon 82 p\u00ebr qind t\u00eb vendeve t\u00eb pun\u00ebs, po i referohem raportit t\u00eb Progresit t\u00eb Bashkimit Europian t\u00eb fundit t\u00eb vitit 2014.<\/p>\n<p style=\"text-align: justify\">Me K\u00ebshillin e Investimeve synojm\u00eb t\u00eb institucionalizojm\u00eb dialogun konstruktiv dhe transparent p\u00ebr p\u00ebrmir\u00ebsimin e klim\u00ebs s\u00eb investimeve dhe rritjen e nivelit t\u00eb konkurrueshm\u00ebris\u00eb s\u00eb ekonomis\u00eb shqiptare dhe krijimin e vendeve t\u00eb pun\u00ebs.<\/p>\n<p style=\"text-align: justify\">Gjithashtu, me k\u00ebnaq\u00ebsi ndaj me ju q\u00eb ne jemi n\u00eb nj\u00eb proces t\u00eb vazhduesh\u00ebm bashk\u00ebpunimi me grupin e Bank\u00ebs Bot\u00ebrore, dhe me Bank\u00ebn Bot\u00ebrore, dhe me IFC, p\u00ebr p\u00ebrmir\u00ebsimin e klim\u00ebs s\u00eb biznesit. Vitin e kaluar lajmi ka qen\u00eb shum\u00eb i mir\u00eb, edhe fal\u00eb k\u00ebtij bashk\u00ebpunimi, p\u00ebr p\u00ebrmir\u00ebsimin n\u00eb renditjen e \u201cDoing Business\u201d. Besojm\u00eb q\u00eb edhe k\u00ebt\u00eb vit, me pun\u00ebn jasht\u00ebzakonisht intensive dhe tejet t\u00eb ngusht\u00eb me IFC, besoj q\u00eb do t\u00eb kemi qart\u00ebsi dhe p\u00ebrmir\u00ebsim n\u00eb renditje.<\/p>\n<p style=\"text-align: justify\">N\u00eb t\u00eb nj\u00ebjt\u00ebn koh\u00eb, po me k\u00ebnaq\u00ebsi ndaj me ju informacionin q\u00eb, besoj p\u00ebr her\u00eb t\u00eb par\u00eb n\u00eb k\u00ebto 20 vite, Banka Bot\u00ebrore do t\u00eb ket\u00eb nj\u00eb projekt me qeverin\u00eb shqiptare p\u00ebr p\u00ebrmir\u00ebsimin e klim\u00ebs s\u00eb biznesit. P\u00ebr her\u00eb t\u00eb par\u00eb do t\u00eb kusht\u00ebzohet nj\u00eb mb\u00ebshtetje buxhetore me nj\u00eb s\u00ebr\u00eb reformash t\u00eb cilat shkojn\u00eb n\u00eb drejtim t\u00eb p\u00ebrmir\u00ebsimit t\u00eb klim\u00ebs s\u00eb biznesit dhe ky \u00ebsht\u00eb nj\u00eb lajm jasht\u00ebzakonisht shum\u00eb i mir\u00eb.<\/p>\n<p style=\"text-align: justify\">Th\u00ebn\u00eb k\u00ebto, sot n\u00eb mbledhjen e par\u00eb t\u00eb K\u00ebshillit t\u00eb Investimeve kemi propozuar dhe kemi zgjedhur q\u00eb t\u00eb trajtojm\u00eb reform\u00ebn e deregulimit si nj\u00eb nga ato iniciativa q\u00eb ne kemi nd\u00ebrmarr\u00eb si ministri dhe si qeveri, p\u00ebr t\u00eb p\u00ebrmir\u00ebsuar klim\u00ebn e biznesit. M\u00eb tej do t\u00eb prezantojm\u00eb rregulloren e propozuar t\u00eb K\u00ebshillit t\u00eb Investimeve, p\u00ebr t\u00eb institucionalizuar pun\u00ebn ton\u00eb dhe s\u00eb fundmi do t\u00eb miratojm\u00eb temat p\u00ebr axhend\u00ebn e vitit 2015, pra t\u00eb dy mbledhjeve t\u00eb radh\u00ebs, qoft\u00eb ajo besoj e 30 shtatorit, qoft\u00eb nj\u00eb n\u00eb fund t\u00eb vitit, pra para mbylljes s\u00eb vitit 2015.<\/p>\n<p style=\"text-align: justify\">Faleminderit.<\/p>\n<\/div>\n<\/div>\n<\/div>\n<\/div>\n<\/div>\n<\/div>\n<\/div>\n<\/div>\n<\/div>\n<\/div>\n","protected":false},"excerpt":{"rendered":"<p>Mblidhet K\u00ebshilli i investimeve, prezantohet reforma e deregulimit\/\/ U mbajt sot Mbledhja e par\u00eb e K\u00ebshillit t\u00eb Investimeve, drejtuar nga Ministri i Zhvillimit Ekonomik, Turizmit, Tregtis\u00eb dhe Sip\u00ebrmarrjes, Arben Ahmetaj, nj\u00ebher\u00ebsh edhe Kryetari i K\u00ebshillit. Pas miratimit t\u00eb VKM \u201cP\u00ebr krijimin dhe funksionimin e K\u00ebshillit t\u00eb Investimeve\u201d dat\u00eb 8 prill 2015, u p\u00ebrcaktua edhe p\u00ebrb\u00ebrja [&hellip;]<\/p>\n","protected":false},"author":1,"featured_media":5564,"comment_status":"open","ping_status":"open","sticky":false,"template":"","format":"standard","meta":{"footnotes":""},"categories":[77,37],"tags":[],"class_list":["post-5563","post","type-post","status-publish","format-standard","has-post-thumbnail","hentry","category-2015-sq","category-uncategorized-sq"],"acf":[],"_links":{"self":[{"href":"https:\/\/www.investment.com.al\/sq\/wp-json\/wp\/v2\/posts\/5563","targetHints":{"allow":["GET"]}}],"collection":[{"href":"https:\/\/www.investment.com.al\/sq\/wp-json\/wp\/v2\/posts"}],"about":[{"href":"https:\/\/www.investment.com.al\/sq\/wp-json\/wp\/v2\/types\/post"}],"author":[{"embeddable":true,"href":"https:\/\/www.investment.com.al\/sq\/wp-json\/wp\/v2\/users\/1"}],"replies":[{"embeddable":true,"href":"https:\/\/www.investment.com.al\/sq\/wp-json\/wp\/v2\/comments?post=5563"}],"version-history":[{"count":1,"href":"https:\/\/www.investment.com.al\/sq\/wp-json\/wp\/v2\/posts\/5563\/revisions"}],"predecessor-version":[{"id":5896,"href":"https:\/\/www.investment.com.al\/sq\/wp-json\/wp\/v2\/posts\/5563\/revisions\/5896"}],"wp:featuredmedia":[{"embeddable":true,"href":"https:\/\/www.investment.com.al\/sq\/wp-json\/wp\/v2\/media\/5564"}],"wp:attachment":[{"href":"https:\/\/www.investment.com.al\/sq\/wp-json\/wp\/v2\/media?parent=5563"}],"wp:term":[{"taxonomy":"category","embeddable":true,"href":"https:\/\/www.investment.com.al\/sq\/wp-json\/wp\/v2\/categories?post=5563"},{"taxonomy":"post_tag","embeddable":true,"href":"https:\/\/www.investment.com.al\/sq\/wp-json\/wp\/v2\/tags?post=5563"}],"curies":[{"name":"wp","href":"https:\/\/api.w.org\/{rel}","templated":true}]}}