{"id":5639,"date":"2019-08-29T15:01:27","date_gmt":"2019-08-29T15:01:27","guid":{"rendered":"https:\/\/investment.com.al\/2019\/08\/29\/mbledhje-e-keshillit-te-investimeve-konsultimi-i-projektligjit-per-faturen-dhe-sistemin-e-monitorimit-te-qarkullimit\/"},"modified":"2023-01-10T10:08:08","modified_gmt":"2023-01-10T10:08:08","slug":"mbledhje-e-keshillit-te-investimeve-konsultimi-i-projektligjit-per-faturen-dhe-sistemin-e-monitorimit-te-qarkullimit","status":"publish","type":"post","link":"https:\/\/www.investment.com.al\/sq\/mbledhje-e-keshillit-te-investimeve-konsultimi-i-projektligjit-per-faturen-dhe-sistemin-e-monitorimit-te-qarkullimit\/","title":{"rendered":"Mbledhje e K\u00ebshillit t\u00eb Investimeve \u2013 Konsultimi i Projektligjit \u201cP\u00ebr Fatur\u00ebn dhe Sistemin e Monitorimit t\u00eb Qarkullimit\u201d"},"content":{"rendered":"<div class=\"date_of_event\">Gusht 29, 2019<\/div>\n<p><em><strong>Tiran\u00eb, e Enjte, 29 gusht 2019<\/strong><\/em><em>\u00a0\/\u00a0<\/em>K\u00ebshilli i Investimeve t\u00eb Shqip\u00ebris\u00eb (KI) zhvilloi nj\u00eb mbledhje t\u00eb posa\u00e7me me k\u00ebrkes\u00eb t\u00eb kryetares s\u00eb KI, Ministres s\u00eb Financ\u00ebs dhe Ekonomis\u00eb, znj. Anila Denaj, me tem\u00eb diskutimi &#8211; Konsultimi i Projektligjit \u201c<em>P\u00ebr Fatur\u00ebn dhe Sistemin e Monitorimit t\u00eb Qarkullimit<\/em>\u201d. T\u00eb pranish\u00ebm n\u00eb k\u00ebt\u00eb mbledhje ishin Ministri i Shtetit p\u00ebr Mbrojtjen e Sip\u00ebrmarrjes, z. Eduard Shalsi, Zv\/Ministri i Financave dhe Ekonomis\u00eb, z. Elton Haxhi, Drejtoresha e Drejtoris\u00eb s\u00eb P\u00ebrgjithshme t\u00eb Tatimeve, znj. Delina Ibrahimi, si dhe p\u00ebrfaq\u00ebsues t\u00eb tjer\u00eb t\u00eb lart\u00eb t\u00eb institucioneve publike, komunitetit t\u00eb biznesit (AmCham, FIAA, DIHA, Confindustria Albania, Vodafone, A.E.D., UCCIAL) dhe partner\u00ebve p\u00ebr zhvillim (BERZH, Delegacioni BE, IFC) \u2014an\u00ebtar\u00eb t\u00eb KI. N\u00eb mbledhje mor\u00eb pjes\u00eb gjithashtu rreth 30 v\u00ebzhgues, p\u00ebrfaq\u00ebsues t\u00eb ambasadave t\u00eb huaja n\u00eb vend, dhoma t\u00eb tregtis\u00eb,shoqata t\u00eb biznesit dhe agjenci q\u00eb operojn\u00eb n\u00eb fush\u00ebn e zhvillimit ekonomik, etj.<\/p>\n<p>N\u00eb fjal\u00ebn e saj t\u00eb hapjes, Ministrja Denaj u shpreh mbi r\u00ebnd\u00ebsin\u00eb e k\u00ebtij projekt-ligji i cili synon krijimin e nj\u00eb sistemi t\u00eb ri faturimi dhe monitorimi t\u00eb transaksioneve t\u00eb kryera nga bizneset n\u00eb vend. Q\u00ebllimi kryesor i projekt-ligjit midis t\u00eb tjerave \u00ebsht\u00eb p\u00ebr t\u00eb ulur nivelin e informalitetit n\u00eb ekonomi, n\u00ebp\u00ebrmjet luft\u00ebs s\u00eb konkurrenc\u00ebs s\u00eb pandershme dhe rritjes s\u00eb efikasitetit t\u00eb administrimit tatimor.<\/p>\n<p>Ministri Shalsi, vler\u00ebsoi pro\u00e7esin e gjer\u00eb t\u00eb konsultimit dhe n\u00ebnvizoi domosdoshm\u00ebrin\u00eb q\u00eb grupi i pun\u00ebs dhe i zbatimit t\u00eb k\u00ebtij projekti t\u00eb r\u00ebnd\u00ebsish\u00ebm \u201c<em>t\u00eb gjej\u00eb forma t\u00eb thjeshta shpjegimi se \u00e7do do t\u00eb thot\u00eb fiskalizim p\u00ebr nj\u00eb biznes t\u00eb vog\u00ebl, t\u00eb mes\u00ebm apo t\u00eb madh\u201d<\/em>.<\/p>\n<p>Projekt-ligji parashikon q\u00eb nisur nga 1 Janar 2020, t\u00eb gjitha transaksionet midis bizneseve dhe konsumatorit do t\u00eb raportohen te Administrata Tatimore n\u00eb koh\u00eb reale bazuar n\u00eb sistemin e ri teknologjik. Nga data 1 janar 2021, e-fatura b\u00ebhet e detyrueshme n\u00eb transaksionet me organet publike (B2G), nd\u00ebrsa nga data 1 korrik 2021 e-fatura b\u00ebhet e detyrueshme n\u00eb transaksionet biznes me biznes (B2B).<\/p>\n<p>P\u00ebrfaq\u00ebsuesit nga komuniteti i biznesit dhe nga partner\u00ebt n\u00eb zhvillim n\u00eb Shqip\u00ebri theksuan mb\u00ebshtetjen n\u00eb parim t\u00eb k\u00ebsaj iniciative t\u00eb r\u00ebnd\u00ebsishme si pjes\u00eb e luft\u00ebs ndaj informalitetit, nd\u00ebrkoh\u00eb paraqit\u00ebn komente t\u00eb ndryshme si n\u00eb nivel teknik ashtu edhe n\u00eb lidhje me disa pika t\u00eb projekt-ligjit, \u00a0t\u00eb cilat mund t\u00eb p\u00ebrmblidhen si m\u00eb posht\u00eb:<\/p>\n<p>a) afatet e zbatimit t\u00eb procedurave komplekse t\u00eb fiskalizimit duket se jan\u00eb shum\u00eb t\u00eb af\u00ebrta ve\u00e7an\u00ebrisht sa i takon afatit t\u00eb hyrjes n\u00eb fuqi p\u00ebr fiskalizimin e transaksioneve Biznes-Konsumator. Zbatimi i procedurave t\u00eb fiskalizimit vler\u00ebsohet kompleks, nd\u00ebrsa kapacitetet e biznesit ve\u00e7an\u00ebrisht atij t\u00eb vog\u00ebl p\u00ebr t\u2019a p\u00ebrthithur k\u00ebt\u00eb zhvillim n\u00eb nj\u00eb periudh\u00eb kaq t\u00eb shkurt\u00ebr jan\u00eb t\u00eb limitura, sikurse dhe kapacitetet institucionale p\u00ebr t\u2019a administruar at\u00eb jan\u00eb t\u00eb debatueshme.<\/p>\n<p>b) zbatimi i ligjit kusht\u00ebzohet nga miratimi i nj\u00eb numri t\u00eb konsideruesh\u00ebm aktesh n\u00ebnligjore t\u00eb cilat nuk jan\u00eb ende t\u00eb p\u00ebrgatitura dhe t\u00eb konsultura me grupet e interesit. K\u00ebto akte n\u00ebnligjore jan\u00eb shpeshher\u00eb edhe m\u00eb t\u00eb r\u00ebnd\u00ebsishme se vet\u00eb ligji, pasi rregullojn\u00eb procedura specifike me impakt t\u00eb drejt\u00ebp\u00ebrdrejt\u00eb p\u00ebr kategorit\u00eb e caktuara t\u00eb bizneseve. Mungesa e konsultimit dhe e diskutimit t\u00eb tyre n\u00eb koh\u00eb mund t\u00eb d\u00ebmtoj\u00eb zbatimin e duhur dhe efikas t\u00eb ligjit dhe q\u00ebllimin e tij pozitiv p\u00ebr t\u00eb mund\u00ebsuar formalizim t\u00eb bizneseve n\u00ebp\u00ebrmjet nj\u00eb s\u00ebr\u00eb opsioneve teknologjike.<\/p>\n<p>c) mungon nj\u00eb analiz\u00eb e mir\u00ebfillt\u00eb kosto-p\u00ebrfitim q\u00eb do t\u00eb b\u00ebnte edhe m\u00eb t\u00eb qart\u00eb p\u00ebr pal\u00ebt, biznesin nga nj\u00ebra an\u00eb dhe administrat\u00ebn nga ana tjet\u00ebr, efektet praktike t\u00eb k\u00ebtij ligji.<\/p>\n<p>d) projekt-ligji n\u00eb mjaft nene t\u00eb tij ka nevoj\u00eb p\u00ebr p\u00ebrputhshm\u00ebri m\u00eb t\u00eb madhe me nj\u00eb s\u00ebr\u00eb ligjesh sic jan\u00eb ai p\u00ebr TVSH-n\u00eb dhe Procedurat Tatimore p\u00ebr t\u00eb shmangur mbivendosje n\u00eb afate dhe procedura. Gjithashtu u vler\u00ebsua se \u00ebsht\u00eb e nevojshme t\u00eb konsiderohen edhe modelet e ndryshme t\u00eb biznesit t\u00eb cilat kan\u00eb nj\u00eb kuad\u00ebr rregullator specifik dhe p\u00ebr t\u00eb cilat \u00ebsht\u00eb i nevojsh\u00ebm diskutimi i m\u00ebtejsh\u00ebm n\u00eb nivel teknik.<\/p>\n<p>Sekretariati i KI-s\u00eb n\u00ebnvizoi r\u00ebnd\u00ebsin\u00eb e kapaciteteve t\u00eb duhura t\u00eb administrat\u00ebs tatimore p\u00ebr t\u00eb zbatuar si\u00e7 duhet procedurat e parashikuara nga ky ligj, si edhe r\u00ebnd\u00ebsin\u00eb e konsultimit t\u00eb akteve n\u00ebnligjore q\u00eb priten t\u00eb publikohen n\u00eb vijim.<\/p>\n<p>Drejtoresha e P\u00ebrgjithshme e Tatimeve, Znj Ibrahimi sqaroi se brenda muajit n\u00ebntor 2019 \u00ebsht\u00eb parashikuar trajnimi i administrat\u00ebs tatimor\u00eb q\u00eb do p\u00ebrfshihet n\u00eb zbatimin e k\u00ebtij ligji si dhe deklaroi q\u00eb tek faqja e konsultimeve publike do t\u00eb publikohet edhe analiza kosto \u2013 p\u00ebrfitim i k\u00ebtij projekt-ligji.<\/p>\n<p>Ministrja Denaj informoi an\u00ebtar\u00ebt e KI-s\u00eb se afati i konsultimit t\u00eb k\u00ebtij projekt-ligji do t\u00eb shtyhet m\u00eb 15 shtator dhe pas p\u00ebrfundimit t\u00eb konsultimeve p\u00ebrkat\u00ebse, Ministria e Financave dhe Ekonomis\u00eb do t\u00eb punoj\u00eb p\u00ebr konsolidimin e t\u00eb gjitha komenteve t\u00eb mbledhura duke p\u00ebrmir\u00ebsuar m\u00eb tej draftin e projektligjit.<\/p>\n<p>Materialet e plota t\u00eb mbledhjes do t\u00eb publikohen s\u00eb shpejti n\u00eb faqen e KI. P\u00ebr m\u00eb shum\u00eb informacion, na vizitoni s\u00ebrish.<\/p>\n<p><img fetchpriority=\"high\" decoding=\"async\" class=\"alignnone size-large wp-image-7598\" src=\"https:\/\/www.investment.com.al\/wp-content\/uploads\/2019\/08\/website2-1024x517.jpg\" alt=\"\" width=\"1024\" height=\"517\" \/><\/p>\n","protected":false},"excerpt":{"rendered":"<p>Gusht 29, 2019 Tiran\u00eb, e Enjte, 29 gusht 2019\u00a0\/\u00a0K\u00ebshilli i Investimeve t\u00eb Shqip\u00ebris\u00eb (KI) zhvilloi nj\u00eb mbledhje t\u00eb posa\u00e7me me k\u00ebrkes\u00eb t\u00eb kryetares s\u00eb KI, Ministres s\u00eb Financ\u00ebs dhe Ekonomis\u00eb, znj. Anila Denaj, me tem\u00eb diskutimi &#8211; Konsultimi i Projektligjit \u201cP\u00ebr Fatur\u00ebn dhe Sistemin e Monitorimit t\u00eb Qarkullimit\u201d. T\u00eb pranish\u00ebm n\u00eb k\u00ebt\u00eb mbledhje ishin Ministri [&hellip;]<\/p>\n","protected":false},"author":1,"featured_media":0,"comment_status":"open","ping_status":"open","sticky":false,"template":"","format":"standard","meta":{"footnotes":""},"categories":[81,1],"tags":[],"class_list":["post-5639","post","type-post","status-publish","format-standard","hentry","category-2019-sq","category-uncategorized"],"acf":[],"_links":{"self":[{"href":"https:\/\/www.investment.com.al\/sq\/wp-json\/wp\/v2\/posts\/5639","targetHints":{"allow":["GET"]}}],"collection":[{"href":"https:\/\/www.investment.com.al\/sq\/wp-json\/wp\/v2\/posts"}],"about":[{"href":"https:\/\/www.investment.com.al\/sq\/wp-json\/wp\/v2\/types\/post"}],"author":[{"embeddable":true,"href":"https:\/\/www.investment.com.al\/sq\/wp-json\/wp\/v2\/users\/1"}],"replies":[{"embeddable":true,"href":"https:\/\/www.investment.com.al\/sq\/wp-json\/wp\/v2\/comments?post=5639"}],"version-history":[{"count":2,"href":"https:\/\/www.investment.com.al\/sq\/wp-json\/wp\/v2\/posts\/5639\/revisions"}],"predecessor-version":[{"id":6671,"href":"https:\/\/www.investment.com.al\/sq\/wp-json\/wp\/v2\/posts\/5639\/revisions\/6671"}],"wp:attachment":[{"href":"https:\/\/www.investment.com.al\/sq\/wp-json\/wp\/v2\/media?parent=5639"}],"wp:term":[{"taxonomy":"category","embeddable":true,"href":"https:\/\/www.investment.com.al\/sq\/wp-json\/wp\/v2\/categories?post=5639"},{"taxonomy":"post_tag","embeddable":true,"href":"https:\/\/www.investment.com.al\/sq\/wp-json\/wp\/v2\/tags?post=5639"}],"curies":[{"name":"wp","href":"https:\/\/api.w.org\/{rel}","templated":true}]}}