{"id":5659,"date":"2021-01-25T22:33:11","date_gmt":"2021-01-25T22:33:11","guid":{"rendered":"https:\/\/investment.com.al\/2021\/01\/25\/avantazhet-dhe-sfidat-e-procesit-te-ri-te-fiskalizimit-diskutim-me-biznesin\/"},"modified":"2023-01-10T09:34:34","modified_gmt":"2023-01-10T09:34:34","slug":"avantazhet-dhe-sfidat-e-procesit-te-ri-te-fiskalizimit-diskutim-me-biznesin","status":"publish","type":"post","link":"https:\/\/www.investment.com.al\/sq\/avantazhet-dhe-sfidat-e-procesit-te-ri-te-fiskalizimit-diskutim-me-biznesin\/","title":{"rendered":"Avantazhet dhe Sfidat e Procesit t\u00eb Ri t\u00eb Fiskalizimit\u2014Diskutim me Biznesin"},"content":{"rendered":"<div class=\"date_of_event\">Janar 22, 2020<\/div>\n<p>Tiran\u00eb, 22 janar 2020\/ Procesi i fiskalizimit ka filluar zbatimin m\u00eb 1 janar 2021, ku krahas avantazheve q\u00eb pritet t\u00eb sjell\u00eb, bizneset pritet t\u00eb ndeshen edhe me sfida gjat\u00eb faz\u00ebs s\u00eb par\u00eb t\u00eb zbatimit. N\u00eb k\u00ebt\u00eb kuad\u00ebr, <em><strong>Sekretariati i K\u00ebshillit t\u00eb Investimeve, n\u00eb bashk\u00ebpunim me Drejtorin\u00eb e P\u00ebrgjithshme t\u00eb Tatimeve organizuan nj\u00eb diskutim teknik me sektorin privat<\/strong><\/em> (rreth 60 p\u00ebrfaq\u00ebsues t\u00eb bizneseve vendase dhe t\u00eb huaja, shoqatave, dhomave t\u00eb tregtis\u00eb, studiove t\u00eb k\u00ebshillimit ligjor dhe financiar, operator\u00ebve t\u00eb certifikuar, etj).<\/p>\n<p>Tema e fiskalizmit \u00ebsht\u00eb trajtuar n\u00eb K\u00ebshillin e Investimeve (KI) n\u00eb <a href=\"https:\/\/www.investment.com.al\/sq\/meeting\/mbledhja-xvii-mbi-draftligjin-e-fiskalizimit\/\">gusht t\u00eb 2019<\/a>, gjat\u00eb faz\u00ebs s\u00eb konsultimit t\u00eb projektligjit p\u00ebrkat\u00ebs. An\u00ebtar\u00ebt e KI propozuan n\u00eb at\u00eb koh\u00eb nj\u00eb shtyrje t\u00eb fillimit t\u00eb procesit t\u00eb fiskalizimit, ndar\u00eb n\u00eb disa etapa, duke filluar fillimisht me bizneset q\u00eb kryenin transaksione me institucionet qeveritare (B2G), duke vijuar m\u00eb pas me bizneset B2B (biznes-biznes) dhe n\u00eb fund B2C (biznes-konsumator)\u2014sugjerim i cili u mor parasysh nga qeveria. Nd\u00ebrkoh\u00eb, q\u00eb disa nga shqet\u00ebsimet kryesore t\u00eb biznesit kishte t\u00eb b\u00ebnte me koh\u00ebn e kufizuar n\u00eb dispozicion p\u00ebr zbatimin e procedurave t\u00eb reja t\u00eb cilat ishin n\u00eb vetvete nj\u00eb risi teknologjike si edhe kostot p\u00ebrkat\u00ebse.<\/p>\n<p>Gjat\u00eb fjal\u00ebs s\u00eb saj, Drejtoresha e P\u00ebrgjithshme e Tatimeve, znj. Delina Ibrahimaj, e cil\u00ebsoi procesin e fiskalizimit si reform\u00ebn m\u00eb t\u00eb madhe p\u00ebr mir\u00ebadministrimin fiskal q\u00eb po zbaton aktualisht qeveria dhe pritshm\u00ebrit\u00eb p\u00ebr reduktimin e informalitetit n\u00eb periudh\u00eb afatmesme jan\u00eb deri n\u00eb 15%. Zbatimi i k\u00ebsaj reforme do t\u00eb jet\u00eb sfid\u00eb si p\u00ebr biznesin ashtu dhe p\u00ebr administrat\u00ebn. Pavar\u00ebsisht se bizneset do t\u00eb duhet t\u00eb p\u00ebrballen me disa kosto t\u00eb reja, ato pritet t\u00eb ken\u00eb p\u00ebrfitime t\u00eb qen\u00ebsishme n\u00eb t\u00eb b\u00ebrin biznes, nd\u00ebrkoh\u00eb q\u00eb kostot n\u00eb fjal\u00eb do t\u00eb diktohen nga tregu, i cili tashm\u00eb \u00ebsht\u00eb i liberalizuar n\u00eb k\u00ebt\u00eb aspekt. N\u00eb an\u00ebn tjet\u00ebr, fryma e administrat\u00ebs tatimore gjat\u00eb k\u00ebsaj faze t\u00eb par\u00eb do t\u00eb jet\u00eb ajo e k\u00ebshillimit dhe mb\u00ebshtetjes.<\/p>\n<p>Gjat\u00eb mbledhjes, p\u00ebrfaq\u00ebsuesit e biznesit shpreh\u00ebn mjaft interes n\u00eb ngritjen e pyetjeve dhe komenteve me natyr\u00eb teknike dhe t\u00eb p\u00ebrgjithshme, t\u00eb cilat kishin t\u00eb b\u00ebnin kryesisht me i) p\u00ebrdorimin dhe manualet e p\u00ebrdorimit t\u00eb platform\u00ebs <em>Selfcare<\/em>; ii) korrigjimet q\u00eb nevojiten n\u00eb terminologjin\u00eb e p\u00ebrdorur n\u00eb platform\u00eb; iii) m\u00ebnyr\u00ebn se si do t\u00eb trajtohet sektori i agro-biznesit i cili \u00ebsht\u00eb edhe sektori m\u00eb pak i formalizuar i shoq\u00ebris\u00eb; iv) kostot shtes\u00eb dhe \u201ct\u00eb fshehura\u201d t\u00eb t\u00eb b\u00ebrit biznes (administrative, integrimit t\u00eb software aktual\u00eb, regjistrimeve t\u00eb reja), etj.<\/p>\n<p>Q\u00ebllimi i k\u00ebsaj mbledhje ishte qart\u00ebsimi i problematikave q\u00eb n\u00eb hapat e par\u00eb p\u00ebrmes nj\u00eb dialogu t\u00eb drejtp\u00ebrdrejt midis administrat\u00ebs tatimore dhe p\u00ebrfaq\u00ebsuesve t\u00eb biznesit\u2014ku nj\u00eb pjes\u00eb e mir\u00eb e pyetjeve mor\u00ebn p\u00ebrgjigje gjat\u00eb mbledhjes. Nd\u00ebrkoh\u00eb, me k\u00ebrkes\u00eb t\u00eb\u00a0 Kryetares s\u00eb K\u00ebshillit t\u00eb Investimeve, Ministres Anila Denaj, Sekretariati i K\u00ebshillit t\u00eb Investimeve do t\u00eb paraqes\u00eb nj\u00eb p\u00ebrmbledhje t\u00eb konsoliduar t\u00eb komenteve t\u00eb biznesit (disa d\u00ebrguar paraprakisht edhe me shkrim) dhe p\u00ebrgjigjeve nga ana e DPT-s\u00eb, me q\u00ebllim krijimin e nj\u00eb dialogu sa m\u00eb transparent midis pal\u00ebve.<\/p>\n<p>***<\/p>\n<p>Ligji Nr. 87\/2019 \u201cP\u00ebr Fatur\u00ebn dhe Sistemin e Monitorimit t\u00eb Qarkulllimit\u201d i ndryshuar, i fillon efektet sipas fashave t\u00eb m\u00ebposhtme:<\/p>\n<ul>\n<li>p\u00ebr transaksionet pa para n\u00eb dor\u00eb nd\u00ebrmjet tatimpaguesve dhe organeve publike, efektet e k\u00ebtij ligji fillojn\u00eb m\u00eb 1 janar 2021. K\u00ebtu preken rreth 7,600 biznese.<\/li>\n<li>p\u00ebr transaksionet pa para n\u00eb dor\u00eb nd\u00ebrmjet tatimpaguesve, efektet e k\u00ebtij ligji fillojn\u00eb m\u00eb 1 korrik 2021.<\/li>\n<li>p\u00ebr transaksionet me para n\u00eb dor\u00eb nga tatimpaguesit, pavar\u00ebsisht p\u00ebrgjegj\u00ebsis\u00eb tatimore apo qarkullimit vjetor t\u00eb realizuar, efektet e k\u00ebtij ligji fillojn\u00eb m\u00eb 1 shtator 2021.<\/li>\n<\/ul>\n","protected":false},"excerpt":{"rendered":"<p>Janar 22, 2020 Tiran\u00eb, 22 janar 2020\/ Procesi i fiskalizimit ka filluar zbatimin m\u00eb 1 janar 2021, ku krahas avantazheve q\u00eb pritet t\u00eb sjell\u00eb, bizneset pritet t\u00eb ndeshen edhe me sfida gjat\u00eb faz\u00ebs s\u00eb par\u00eb t\u00eb zbatimit. N\u00eb k\u00ebt\u00eb kuad\u00ebr, Sekretariati i K\u00ebshillit t\u00eb Investimeve, n\u00eb bashk\u00ebpunim me Drejtorin\u00eb e P\u00ebrgjithshme t\u00eb Tatimeve organizuan nj\u00eb [&hellip;]<\/p>\n","protected":false},"author":1,"featured_media":5109,"comment_status":"open","ping_status":"open","sticky":false,"template":"","format":"standard","meta":{"footnotes":""},"categories":[83,1],"tags":[],"class_list":["post-5659","post","type-post","status-publish","format-standard","has-post-thumbnail","hentry","category-2021-sq","category-uncategorized"],"acf":[],"_links":{"self":[{"href":"https:\/\/www.investment.com.al\/sq\/wp-json\/wp\/v2\/posts\/5659","targetHints":{"allow":["GET"]}}],"collection":[{"href":"https:\/\/www.investment.com.al\/sq\/wp-json\/wp\/v2\/posts"}],"about":[{"href":"https:\/\/www.investment.com.al\/sq\/wp-json\/wp\/v2\/types\/post"}],"author":[{"embeddable":true,"href":"https:\/\/www.investment.com.al\/sq\/wp-json\/wp\/v2\/users\/1"}],"replies":[{"embeddable":true,"href":"https:\/\/www.investment.com.al\/sq\/wp-json\/wp\/v2\/comments?post=5659"}],"version-history":[{"count":3,"href":"https:\/\/www.investment.com.al\/sq\/wp-json\/wp\/v2\/posts\/5659\/revisions"}],"predecessor-version":[{"id":6629,"href":"https:\/\/www.investment.com.al\/sq\/wp-json\/wp\/v2\/posts\/5659\/revisions\/6629"}],"wp:featuredmedia":[{"embeddable":true,"href":"https:\/\/www.investment.com.al\/sq\/wp-json\/wp\/v2\/media\/5109"}],"wp:attachment":[{"href":"https:\/\/www.investment.com.al\/sq\/wp-json\/wp\/v2\/media?parent=5659"}],"wp:term":[{"taxonomy":"category","embeddable":true,"href":"https:\/\/www.investment.com.al\/sq\/wp-json\/wp\/v2\/categories?post=5659"},{"taxonomy":"post_tag","embeddable":true,"href":"https:\/\/www.investment.com.al\/sq\/wp-json\/wp\/v2\/tags?post=5659"}],"curies":[{"name":"wp","href":"https:\/\/api.w.org\/{rel}","templated":true}]}}