{"id":5674,"date":"2022-09-13T16:11:23","date_gmt":"2022-09-13T16:11:23","guid":{"rendered":"https:\/\/investment.com.al\/2022\/09\/13\/permiresimi-i-klimes-se-biznesit-dialog-me-shoqatat-e-biznesit-dhe-dhomat-e-tregtise\/"},"modified":"2023-01-10T09:37:16","modified_gmt":"2023-01-10T09:37:16","slug":"permiresimi-i-klimes-se-biznesit-dialog-me-shoqatat-e-biznesit-dhe-dhomat-e-tregtise","status":"publish","type":"post","link":"https:\/\/www.investment.com.al\/sq\/permiresimi-i-klimes-se-biznesit-dialog-me-shoqatat-e-biznesit-dhe-dhomat-e-tregtise\/","title":{"rendered":"P\u00ebrmir\u00ebsimi i klim\u00ebs s\u00eb biznesit &#8211; Dialog me shoqatat e biznesit dhe dhomat e tregtis\u00eb"},"content":{"rendered":"<div class=\"date_of_event\">Shtator 9, 2022<\/div>\n<p>Tiran\u00eb, 9 shtator 2022 \/ Kryeministri i Shqip\u00ebris\u00eb, z. Edi Rama, i shoq\u00ebruar nga Ministrja e Financave dhe Ekonomis\u00eb (nj\u00ebkoh\u00ebsisht edhe Kryetarja e K\u00ebshillit t\u00eb Investimeve), znj. Delina Ibrahimaj, zhvilluan nj\u00eb takim me shoqatat e biznesit, \u00a0dhomat e tregtise dhe an\u00ebtar\u00eb t\u00eb KI mbi ecurin\u00eb e procesit te konsultimit te rekomandimeve t\u00eb biznesit<a href=\"#_edn1\" name=\"_ednref1\">[i]<\/a> p\u00ebr p\u00ebrmir\u00ebsimin e klim\u00ebs s\u00eb biznesit.<\/p>\n<p>Gjat\u00eb fjal\u00ebs s\u00eb saj, Ministrja Delina Ibrahimaj theksoi r\u00ebnd\u00ebsin\u00eb e forcimit t\u00eb dialogut mes institucioneve shtet\u00ebrore dhe p\u00ebrfaq\u00ebsuesve t\u00eb biznesit, duke bere edhe nj\u00eb bilanc t\u00eb rekomandimeve t\u00eb analizuara. K\u00ebshtu nga 262 rekomandime, tashm\u00eb 32 jan\u00eb adresuar, nd\u00ebrkoh\u00eb q\u00eb 112 jan\u00eb ezauruar n\u00eb diskutim nga teknik\u00ebt e institucioneve t\u00eb ndryshme, nd\u00ebrsa 45.5 % ose 118 jan\u00eb ende n\u00eb proces trajtimi. Problematikat kryesore t\u00eb trajtuara lidhen me fiskalizimin, dixhitalizimin, kuadrin rregullator financiar, arsimin, pun\u00ebsimin, procedurat doganore, koncesionet, hidrokarburet, si dhe \u00e7\u00ebshtje t\u00eb ndryshme q\u00eb prekin biznesin.<\/p>\n<p>Gjat\u00eb fjal\u00ebs s\u00eb tij, Kryeministri Edi Rama u shpreh se qeveria mbetet e angazhuar per nj\u00eb nd\u00ebrveprim sa m\u00eb dinamik e transparent me biznesin. M\u00eb tej, z. Rama u shpreh se arritjet n\u00eb drejtim t\u00eb p\u00ebrmir\u00ebsimit t\u00eb klim\u00ebs s\u00eb biznesit, duhet t\u00eb reflektohen n\u00eb m\u00ebnyr\u00eb me profesionale nga dhomat e biznesit n\u00eb raportet e tyre mbi klim\u00ebn e biznesit, ku t\u00eb merren n\u00eb konsiderat\u00eb hapat konkret\u00eb q\u00eb jan\u00eb b\u00ebr\u00eb p\u00ebr t\u00eb p\u00ebrshpejtuar, leht\u00ebsuar, transformuar procedura deri dje t\u00eb lodhshme e zvarrit\u00ebse t\u00eb cilat sot jan\u00eb t\u00eb automatizuara dhe elektronike. M\u00eb tej, kriza e energjis\u00eb ishte kryefjala e diskutimeve ku Kryeministri Edi Rama k\u00ebrkoi nga sip\u00ebrmarrjet q\u00eb t\u00eb investojn\u00eb n\u00eb burimet alternative t\u00eb rinovueshme t\u00eb energjis\u00eb si panelet diellore duke optimizuar kostot dhe duke kursyer energji n\u00eb nj\u00eb koh\u00eb krize globale.<\/p>\n<p>Gjat\u00eb fjal\u00ebs s\u00eb tyre, bizneset u shpreh\u00ebn mbi problematika t\u00eb ndryshme q\u00eb kishin t\u00eb b\u00ebnin me kriz\u00ebn e energjis\u00eb, \u00e7\u00ebshtjet ligjore dhe munges\u00ebn e fuqis\u00eb pun\u00ebtore, ku shpreh\u00ebn edhe vler\u00ebsimin e tyre p\u00ebr formatin dhe pun\u00ebn e K\u00ebshillit t\u00eb Investimeve, si nj\u00eb platform\u00eb efektive e dialogut publik-privat. Nd\u00ebrsa, Drejtorja e Sekretariatit t\u00eb K\u00ebshillit t\u00eb Investimeve, znj. Diana Leka (Angoni) evidentoi r\u00ebnd\u00ebsin\u00eb e\u00a0 vullnetit politik dhe angazhimit serioz t\u00eb pal\u00ebve, duke vler\u00ebsuar progresin n\u00eb drejtim t\u00eb angazhimit, formatit t\u00eb dialogut dhe gjith\u00ebp\u00ebrfshirjes, nd\u00ebrsa theksoi nevoj\u00ebn p\u00ebr:<\/p>\n<ul>\n<li>Fuqizimin e dimensioneve t\u00eb konsultimit publik t\u00eb projekt-akteve midis institucioneve dhe komunitetit t\u00eb biznesit, ku rritja e kapaciteteve dhe angazhimi cil\u00ebsor i pal\u00ebve t\u00eb p\u00ebrfshira \u00ebsht\u00eb domosdoshm\u00ebri;<\/li>\n<li>Rritja e nd\u00ebrgjegj\u00ebsimit t\u00eb institucioneve p\u00ebr nj\u00eb llogaridh\u00ebnie dhe transparenc\u00eb m\u00eb t\u00eb madhe ndaj biznesit n\u00eb lidhje me m\u00ebnyr\u00ebn e ndjekjes s\u00eb rekomandimeve dhe statusin e tyre; ngritjes s\u00eb kapaciteteve t\u00eb shoqatave t\u00eb biznesit dhe ve\u00e7an\u00ebrisht dhomave t\u00eb tregtis\u00eb p\u00ebr t\u00eb qen\u00eb aktor\u00eb proaktiv\u00eb t\u00eb procesit t\u00eb konsultimit;<\/li>\n<li>Q\u00ebndrueshm\u00ebria e procedurave fiskale dhe barr\u00ebs tatimore p\u00ebr biznesin e vog\u00ebl sipas angazhimeve t\u00eb m\u00ebparshme t\u00eb Qeveris\u00eb;<\/li>\n<li>B\u00ebrja funksionale e modeleve TEDA sipas kuadrit ligjor dhe institucional tashm\u00eb t\u00eb nd\u00ebrtuar dhe p\u00ebrfshirja dhe njohja e gjer\u00eb e biznesit n\u00eb lidhje me k\u00ebto iniciativa.<\/li>\n<\/ul>\n<p>Video e mbledhjes: <a href=\"https:\/\/www.youtube.com\/watch?v=55JDLVdrvNU\">https:\/\/www.youtube.com\/watch?v=55JDLVdrvNU<\/a><\/p>\n<p>***<\/p>\n<p><a href=\"#_ednref1\" name=\"_edn1\">[i]<\/a> Lancuar n\u00eb mbledhjen e K\u00ebshillit te Investimeve mbajtur m\u00eb <a href=\"https:\/\/www.investment.com.al\/sq\/keshilli-investimeve-diskuton-prioritetet-per-permiresimin-e-klimes-se-investimeve-gjate-2022\/\">31 janar 2022<\/a>.<\/p>\n<p>&nbsp;<\/p>\n<p><a href=\"https:\/\/www.investment.com.al\/wp-content\/uploads\/2022\/09\/305965628_498833195583317_11791676644366547_n.jpg\"><img fetchpriority=\"high\" decoding=\"async\" class=\"alignnone wp-image-10215\" src=\"https:\/\/www.investment.com.al\/wp-content\/uploads\/2022\/09\/305965628_498833195583317_11791676644366547_n-300x200.jpg\" alt=\"\" width=\"377\" height=\"251\" \/><\/a><a href=\"https:\/\/www.investment.com.al\/wp-content\/uploads\/2022\/09\/Screenshot-2022-09-09-154405.jpg\"><img decoding=\"async\" class=\"alignnone size-medium wp-image-10217\" src=\"https:\/\/www.investment.com.al\/wp-content\/uploads\/2022\/09\/Screenshot-2022-09-09-154405-297x300.jpg\" alt=\"\" width=\"297\" height=\"300\" \/><\/a><\/p>\n<p>&nbsp;<\/p>\n<p>&nbsp;<\/p>\n<p>&nbsp;<\/p>\n<p>&nbsp;<\/p>\n","protected":false},"excerpt":{"rendered":"<p>Shtator 9, 2022 Tiran\u00eb, 9 shtator 2022 \/ Kryeministri i Shqip\u00ebris\u00eb, z. Edi Rama, i shoq\u00ebruar nga Ministrja e Financave dhe Ekonomis\u00eb (nj\u00ebkoh\u00ebsisht edhe Kryetarja e K\u00ebshillit t\u00eb Investimeve), znj. Delina Ibrahimaj, zhvilluan nj\u00eb takim me shoqatat e biznesit, \u00a0dhomat e tregtise dhe an\u00ebtar\u00eb t\u00eb KI mbi ecurin\u00eb e procesit te konsultimit te rekomandimeve t\u00eb [&hellip;]<\/p>\n","protected":false},"author":1,"featured_media":7433,"comment_status":"open","ping_status":"open","sticky":false,"template":"","format":"standard","meta":{"footnotes":""},"categories":[84],"tags":[],"class_list":["post-5674","post","type-post","status-publish","format-standard","has-post-thumbnail","hentry","category-2022-sq"],"acf":[],"_links":{"self":[{"href":"https:\/\/www.investment.com.al\/sq\/wp-json\/wp\/v2\/posts\/5674","targetHints":{"allow":["GET"]}}],"collection":[{"href":"https:\/\/www.investment.com.al\/sq\/wp-json\/wp\/v2\/posts"}],"about":[{"href":"https:\/\/www.investment.com.al\/sq\/wp-json\/wp\/v2\/types\/post"}],"author":[{"embeddable":true,"href":"https:\/\/www.investment.com.al\/sq\/wp-json\/wp\/v2\/users\/1"}],"replies":[{"embeddable":true,"href":"https:\/\/www.investment.com.al\/sq\/wp-json\/wp\/v2\/comments?post=5674"}],"version-history":[{"count":3,"href":"https:\/\/www.investment.com.al\/sq\/wp-json\/wp\/v2\/posts\/5674\/revisions"}],"predecessor-version":[{"id":6632,"href":"https:\/\/www.investment.com.al\/sq\/wp-json\/wp\/v2\/posts\/5674\/revisions\/6632"}],"wp:featuredmedia":[{"embeddable":true,"href":"https:\/\/www.investment.com.al\/sq\/wp-json\/wp\/v2\/media\/7433"}],"wp:attachment":[{"href":"https:\/\/www.investment.com.al\/sq\/wp-json\/wp\/v2\/media?parent=5674"}],"wp:term":[{"taxonomy":"category","embeddable":true,"href":"https:\/\/www.investment.com.al\/sq\/wp-json\/wp\/v2\/categories?post=5674"},{"taxonomy":"post_tag","embeddable":true,"href":"https:\/\/www.investment.com.al\/sq\/wp-json\/wp\/v2\/tags?post=5674"}],"curies":[{"name":"wp","href":"https:\/\/api.w.org\/{rel}","templated":true}]}}