{"id":6388,"date":"2017-05-10T08:58:27","date_gmt":"2017-05-10T08:58:27","guid":{"rendered":"https:\/\/investment.com.al\/2017\/05\/10\/secretariats-participates-in-the-civil-society-forum-tirana-under-the-berlin-process\/"},"modified":"2023-01-19T10:54:42","modified_gmt":"2023-01-19T10:54:42","slug":"sekretariati-merr-pjese-ne-forumin-e-shoqerise-civile-te-tiranes-ne-kuader-te-procesit-te-berlinit-2","status":"publish","type":"post","link":"https:\/\/www.investment.com.al\/sq\/sekretariati-merr-pjese-ne-forumin-e-shoqerise-civile-te-tiranes-ne-kuader-te-procesit-te-berlinit-2\/","title":{"rendered":"Sekretariati merr pjes\u00eb n\u00eb forumin e shoq\u00ebris\u00eb civile t\u00eb tiran\u00ebs n\u00eb kuad\u00ebr t\u00eb \u201cpro\u00e7esit t\u00eb berlinit\u201d"},"content":{"rendered":"<div class=\"featured-post-img\"><a href=\"https:\/\/investment.com.al\/wp-content\/uploads\/2017\/05\/18076548_437962123216743_648202298130380763_o-620x223-1.jpg\"><img fetchpriority=\"high\" decoding=\"async\" class=\"alignnone wp-image-5180 size-full\" src=\"https:\/\/investment.com.al\/wp-content\/uploads\/2017\/05\/18076548_437962123216743_648202298130380763_o-620x223-1.jpg\" alt=\"\" width=\"620\" height=\"223\" srcset=\"https:\/\/www.investment.com.al\/wp-content\/uploads\/2017\/05\/18076548_437962123216743_648202298130380763_o-620x223-1.jpg 620w, https:\/\/www.investment.com.al\/wp-content\/uploads\/2017\/05\/18076548_437962123216743_648202298130380763_o-620x223-1-300x108.jpg 300w, https:\/\/www.investment.com.al\/wp-content\/uploads\/2017\/05\/18076548_437962123216743_648202298130380763_o-620x223-1-350x126.jpg 350w, https:\/\/www.investment.com.al\/wp-content\/uploads\/2017\/05\/18076548_437962123216743_648202298130380763_o-620x223-1-370x133.jpg 370w, https:\/\/www.investment.com.al\/wp-content\/uploads\/2017\/05\/18076548_437962123216743_648202298130380763_o-620x223-1-255x92.jpg 255w, https:\/\/www.investment.com.al\/wp-content\/uploads\/2017\/05\/18076548_437962123216743_648202298130380763_o-620x223-1-285x103.jpg 285w\" sizes=\"(max-width: 620px) 100vw, 620px\" \/><\/a><\/div>\n<p>Tiran\u00eb, 27 prill (KI) \u2013 Sekretariati merr pjes\u00eb si panelist n\u00eb Forumin e Shoq\u00ebris\u00eb Civile t\u00eb Tiran\u00ebs n\u00eb kuad\u00ebr t\u00eb \u201cPro\u00e7esit t\u00eb Berlinit\u201d, i cili u mbajt in Tiran\u00eb n\u00eb datat 26-28 prill 2017, me mb\u00ebshtetjen e ERSTE Stiftung, Fondit Evropian p\u00ebr Ballkanin, Friedrich Ebert Stiftung, SOE Dialogue Southeast Europe, n\u00eb bashk\u00ebpunim me Institutin p\u00ebr Bashk\u00ebpunim dhe Zhvillim (CDI).<\/p>\n<p>N\u00eb fjalimin e saj, n\u00eb seanc\u00ebn \u201cMjedisi i Biznesit &amp; Potenciali i Inovacionit\u201d, Drejtorja e Sekretariatit t\u00eb K\u00ebshillit t\u00eb Investimeve, Znj Diana Leka u shpreh se \u201c<em>Politikat e mira dhe t\u00eb \u201cfokusuara\u201d ndaj SME-ve\u00a0 jan\u00eb vendimtare n\u00ebse duam t\u00eb sfidojme konkurrenc\u00ebn globale. M\u00eb konkretisht,\u00a0 partner\u00ebt social\u00eb, p\u00ebrmes\u00a0<strong>dialogut<\/strong>, duhet t\u00eb\u00a0<strong>identifikojn\u00eb<\/strong>\u00a0sfidat dhe t\u00eb sugjerojn\u00eb zgjidhje rreth tregut t\u00eb pun\u00ebs. Aktualisht, disa pengesa\/sfida t\u00eb r\u00ebnd\u00ebsishme p\u00ebr nd\u00ebrmarrjet e vogla dhe t\u00eb mesme jan\u00eb Aksesi n\u00eb Financim ve\u00e7an\u00ebrisht p\u00ebr mikro-bizneset, dhe menaxhimi i talenteve (grante, studime)<\/em>.\u201d<\/p>\n<p>Nd\u00ebr t\u00eb tjera, Znj Leka , p\u00ebrmendi se \u201c<em>Bizneset\/startup-et, \u00a0kan\u00eb ide tep\u00ebr t\u00eb mira krijuese por p\u00ebr shembull nuk kan\u00eb informacion t\u00eb mjaftuesh\u00ebm mbi incentivat. N\u00ebse d\u00ebshirojm\u00eb t\u00eb p\u00ebrfitojm\u00eb m\u00eb shum\u00eb investime kemi nevoj\u00eb p\u00ebr nj\u00eb\u00a0<strong>platform\u00eb bashk\u00ebpunimi<\/strong>\u00a0midis disa aktor\u00ebve<\/em>.\u201d Drejtoresha e Sekretariatit p\u00ebrmendi se sipas nj\u00eb studim t\u00eb kryer nga Sekretariati n\u00eb lidhje me\u00a0<strong>cil\u00ebsin\u00eb\u00a0<\/strong>e tregut t\u00eb pun\u00ebs, \u00a0\u201c<strong>aft\u00ebsit\u00eb e avancuara<\/strong>\u201d rezultuan si element\u00eb kritik\u00eb p\u00ebr performanc\u00ebn apo konkurrueshm\u00ebrin\u00eb e sektorit, nd\u00ebrkoh\u00eb q\u00eb ka nj\u00eb mang\u00ebsi n\u00eb cil\u00ebsin\u00eb e kurrikulave n\u00eb nivele t\u00eb caktuara t\u00eb arsimit. Prandaj, rekomandohet t\u00eb konsiderohet sa m\u00eb shpejt integrimi i njohurive t\u00eb reja \u201cthemeltare\u201d n\u00eb nivele t\u00eb caktuara t\u00eb arsimit me fokus n\u00eb 1) aft\u00ebsit\u00eb analitike (zgjidhje t\u00eb problemeve), 2) gjuh\u00ebt e huaja, 3) aft\u00ebsit\u00eb kompjuterike, 4) aft\u00ebsit\u00eb komunikuese. Si edhe \u00a0nj\u00eb bashk\u00ebpunim i ngusht\u00eb midis akademis\u00eb dhe biznesit. M\u00eb tej, ajo sugjeroi q\u00eb n\u00eb debatet e m\u00ebtejshme n\u00eb vend t\u00eb termit inovacion, t\u00eb p\u00ebrdorej koncepti i \u2018inovacionit gjith\u00ebp\u00ebrfshir\u00ebs\u2019 (<em>inclusive innovation<\/em>).<\/p>\n<p>Forumi i Shoq\u00ebris\u00eb Civile \u00ebsht\u00eb nj\u00eb nism\u00eb e r\u00ebnd\u00ebsishme n\u00eb kuad\u00ebr t\u00eb Pro\u00e7esit t\u00eb Berlinit, e cila bashkon mbi 100 pjes\u00ebmarr\u00ebs nga vende t\u00eb rajonit dhe Bashkimit Evropian me q\u00ebllim nxitjen e dialogut midis qytetar\u00ebve dhe vendimmarr\u00ebsve, sikurse edhe rritjen e bashk\u00ebpunimit n\u00eb mesin e organizatave t\u00eb shoq\u00ebris\u00eb civile t\u00eb vendeve t\u00eb Ballkanit Per\u00ebndimor.<\/p>\n<p>Forumi i Shoq\u00ebris\u00eb Civile Tiran\u00eb 2017 u bazua mbi arritjet e Forumit t\u00eb Shoq\u00ebris\u00eb Civile t\u00eb Ballkanit Per\u00ebndimor Vjen\u00eb 2015 dhe Forumeve t\u00eb Shoq\u00ebrive Civile n\u00eb Beograd, Paris dhe Shkup n\u00eb 2016. Aktiviteti kishte si q\u00ebllim t\u00eb sh\u00ebrbente si nj\u00eb mbledhje paraprake p\u00ebr Samitin e Ballkanit Per\u00ebndimor 2017, i cili do t\u00eb mbahet n\u00eb korrik n\u00eb Trieste, Itali. K\u00ebsaj here Forumi u nd\u00ebrtua mbi \u00e7\u00ebshtje m\u00eb t\u00eb gjera t\u00eb shoq\u00ebris\u00eb civile duke kontribuar n\u00eb caktimin e axhend\u00ebs Evropiane, n\u00eb p\u00ebrgatitjen dhe diskutimin e propozimeve p\u00ebr politika, monitorimin e rezultateve dhe arritjeve t\u00eb politikave, sikurse edhe n\u00eb formulimin e mesazheve dhe rekomandimeve kryesore n\u00eb lidhje me tematikat e Samitit t\u00eb Triestes, t\u00eb tilla si:<\/p>\n<ul>\n<li>Reflektime mbi gjendjen aktuale dhe t\u00eb ardhshme t\u00eb Pro\u00e7esit t\u00eb Berlinit<\/li>\n<li>Bashk\u00ebpunimi i brezit t\u00eb ri<\/li>\n<li>Zbatimi i ligjit\/anti-korrupsioni<\/li>\n<li>Mjedisi i biznesit dhe inovacioni (p\u00ebrfshir\u00eb roli i Nd\u00ebrmarrjeve t\u00eb Vogla dhe t\u00eb Mesme (NVM) dhe platformat inovatore p\u00ebr bashk\u00ebpunim)<\/li>\n<li>\u00c7\u00ebshtje dypal\u00ebshe<\/li>\n<\/ul>\n<p>P\u00ebrfundimet dhe rekomandimet e forumit do t\u2019i paraqiten drejtuesve t\u00eb lart\u00eb t\u00eb shteteve dhe qeverive q\u00eb do t\u00eb marrin pjes\u00eb n\u00eb Samitin e Triestes m\u00eb 12 korrik 2017. Ky takim sh\u00ebnon gjithashtu nj\u00eb hap shum\u00eb t\u00eb r\u00ebnd\u00ebsish\u00ebm n\u00eb forcimin e shoq\u00ebris\u00eb civile n\u00eb Ballkanin Per\u00ebndimor, p\u00ebrmes p\u00ebrfshirjes s\u00eb tij n\u00eb vendimmarrjen rajonale.<\/p>\n<p>&nbsp;<\/p>\n<p>\u2014\u2014\u2014\u2014\u2014\u2014\u2014\u2014\u2014\u2014\u2014\u2014\u2014\u2014\u2014\u2014\u2014\u2014\u2014<\/p>\n<p><strong>Forumi i Shoq\u00ebris\u00eb Civile i Ballkanit Per\u00ebndimor<\/strong>\u00a0\u00ebsht\u00eb i fokusuar n\u00eb ngritjen e nj\u00eb platforme t\u00eb qendrueshme me aktor\u00eb jo qeveritar\u00eb brenda t\u00eb ashtuquajturit \u201c<strong>Pro\u00e7esi i Berlin<\/strong>\u201d p\u00ebr nxitjen e debatit n\u00eb mesin e vendimmarr\u00ebsve p\u00ebr nj\u00eb Evrop\u00eb m\u00eb t\u00eb madhe. K\u00ebto forume filluan si nj\u00eb nism\u00eb p\u00ebr njohjen e tyre si nj\u00eb segment i r\u00ebnd\u00ebsish\u00ebm ku qeverit\u00eb dhe politikan\u00ebt n\u00eb rajon t\u00eb mund t\u00eb ruajn\u00eb n\u00eb vazhdim\u00ebsi bashk\u00ebpunimin m\u00eb t\u00eb ngusht\u00eb me shoq\u00ebrin\u00eb civile.<\/p>\n<p>Forumi i Shoq\u00ebris\u00eb Civile i Ballkanit Per\u00ebndimor \u00ebsht\u00eb nj\u00eb nism\u00eb e p\u00ebrbashk\u00ebt e Fondit Evropian p\u00ebr Ballkanin, Fondacionit ERSTE dhe Friedrich Ebert Stiftung. Partneri shqiptar i Forumit t\u00eb Shoq\u00ebris\u00eb Civile Tiran\u00eb 2017 \u00ebsht\u00eb Instituti p\u00ebr Bashk\u00ebpunim dhe Zhvillim.<\/p>\n","protected":false},"excerpt":{"rendered":"<p>Tiran\u00eb, 27 prill (KI) \u2013 Sekretariati merr pjes\u00eb si panelist n\u00eb Forumin e Shoq\u00ebris\u00eb Civile t\u00eb Tiran\u00ebs n\u00eb kuad\u00ebr t\u00eb \u201cPro\u00e7esit t\u00eb Berlinit\u201d, i cili u mbajt in Tiran\u00eb n\u00eb datat 26-28 prill 2017, me mb\u00ebshtetjen e ERSTE Stiftung, Fondit Evropian p\u00ebr Ballkanin, Friedrich Ebert Stiftung, SOE Dialogue Southeast Europe, n\u00eb bashk\u00ebpunim me Institutin p\u00ebr [&hellip;]<\/p>\n","protected":false},"author":1,"featured_media":4980,"comment_status":"closed","ping_status":"closed","sticky":false,"template":"","format":"standard","meta":{"footnotes":""},"categories":[95,1],"tags":[107],"class_list":["post-6388","post","type-post","status-publish","format-standard","has-post-thumbnail","hentry","category-advocacy-2017","category-uncategorized","tag-avokim-2017"],"acf":[],"_links":{"self":[{"href":"https:\/\/www.investment.com.al\/sq\/wp-json\/wp\/v2\/posts\/6388","targetHints":{"allow":["GET"]}}],"collection":[{"href":"https:\/\/www.investment.com.al\/sq\/wp-json\/wp\/v2\/posts"}],"about":[{"href":"https:\/\/www.investment.com.al\/sq\/wp-json\/wp\/v2\/types\/post"}],"author":[{"embeddable":true,"href":"https:\/\/www.investment.com.al\/sq\/wp-json\/wp\/v2\/users\/1"}],"replies":[{"embeddable":true,"href":"https:\/\/www.investment.com.al\/sq\/wp-json\/wp\/v2\/comments?post=6388"}],"version-history":[{"count":2,"href":"https:\/\/www.investment.com.al\/sq\/wp-json\/wp\/v2\/posts\/6388\/revisions"}],"predecessor-version":[{"id":7420,"href":"https:\/\/www.investment.com.al\/sq\/wp-json\/wp\/v2\/posts\/6388\/revisions\/7420"}],"wp:featuredmedia":[{"embeddable":true,"href":"https:\/\/www.investment.com.al\/sq\/wp-json\/wp\/v2\/media\/4980"}],"wp:attachment":[{"href":"https:\/\/www.investment.com.al\/sq\/wp-json\/wp\/v2\/media?parent=6388"}],"wp:term":[{"taxonomy":"category","embeddable":true,"href":"https:\/\/www.investment.com.al\/sq\/wp-json\/wp\/v2\/categories?post=6388"},{"taxonomy":"post_tag","embeddable":true,"href":"https:\/\/www.investment.com.al\/sq\/wp-json\/wp\/v2\/tags?post=6388"}],"curies":[{"name":"wp","href":"https:\/\/api.w.org\/{rel}","templated":true}]}}