{"id":6396,"date":"2016-06-23T16:35:05","date_gmt":"2016-06-23T16:35:05","guid":{"rendered":"https:\/\/investment.com.al\/2016\/06\/23\/iv-financial-forum-secretariat-access-to-finance-one-of-the-main-problematic-issues-to-the-business\/"},"modified":"2023-01-19T10:53:50","modified_gmt":"2023-01-19T10:53:50","slug":"aksesi-ne-financim-nje-nga-problematikat-kryesore-te-biznesit-forumi-iv-financiar-2","status":"publish","type":"post","link":"https:\/\/www.investment.com.al\/sq\/aksesi-ne-financim-nje-nga-problematikat-kryesore-te-biznesit-forumi-iv-financiar-2\/","title":{"rendered":"\u2018Aksesi n\u00eb Financim\u2019 Nj\u00eb Nga Problematikat Kryesore T\u00eb Biznesit, Forumi IV Financiar"},"content":{"rendered":"<div class=\"featured-post-img img\"><img fetchpriority=\"high\" decoding=\"async\" class=\"alignnone wp-image-5183 size-full\" src=\"https:\/\/investment.com.al\/wp-content\/uploads\/2016\/06\/Website_Picture-of-Ms.-Diana-Leka-620x223-1.jpg\" alt=\"\" width=\"620\" height=\"223\" srcset=\"https:\/\/www.investment.com.al\/wp-content\/uploads\/2016\/06\/Website_Picture-of-Ms.-Diana-Leka-620x223-1.jpg 620w, https:\/\/www.investment.com.al\/wp-content\/uploads\/2016\/06\/Website_Picture-of-Ms.-Diana-Leka-620x223-1-300x108.jpg 300w, https:\/\/www.investment.com.al\/wp-content\/uploads\/2016\/06\/Website_Picture-of-Ms.-Diana-Leka-620x223-1-350x126.jpg 350w, https:\/\/www.investment.com.al\/wp-content\/uploads\/2016\/06\/Website_Picture-of-Ms.-Diana-Leka-620x223-1-370x133.jpg 370w, https:\/\/www.investment.com.al\/wp-content\/uploads\/2016\/06\/Website_Picture-of-Ms.-Diana-Leka-620x223-1-255x92.jpg 255w, https:\/\/www.investment.com.al\/wp-content\/uploads\/2016\/06\/Website_Picture-of-Ms.-Diana-Leka-620x223-1-285x103.jpg 285w\" sizes=\"(max-width: 620px) 100vw, 620px\" \/><\/div>\n<p>N\u00eb dat\u00ebn 23 qershor 2016 u zhvillua Forumi IV Financiar i organizuar nga Banka e Shqip\u00ebris\u00eb dhe Fondi Monetar Nd\u00ebrkomb\u00ebtar, n\u00ebn kujdesin e ve\u00e7ant\u00eb t\u00eb Guvernatorit t\u00eb Bank\u00ebs s\u00eb Shqip\u00ebris\u00eb, z. Gent Sejko. Diskutimi k\u00ebt\u00eb vit u fokusua n\u00eb rivitalizimin e kreditimit, n\u00eb mb\u00ebshtetje t\u00eb rritjes s\u00eb q\u00ebndrueshme ekonomike.<\/p>\n<p>N\u00eb forum mor\u00ebn pjes\u00eb zyrtar\u00eb t\u00eb lart\u00eb t\u00eb institucioneve t\u00eb ndryshme si Banka e Shqip\u00ebris\u00eb, Ministria e Financave, Ministria e Ekonomis\u00eb, Autoriteti i Mbik\u00ebqyrjes Financiare, bankat kryesore q\u00eb operojn\u00eb n\u00eb Shqip\u00ebri, FMN dhe Banka Bot\u00ebrore, Banka Qendrore Evropiane (BQE) , Autoriteti Bankar Evropian (EBA), Banka Evropiane p\u00ebr Rind\u00ebrtim dhe Zhvillim (BERZH), Korporata Nd\u00ebrkomb\u00ebtare Financiare (IFC), etj. N\u00eb k\u00ebt\u00eb Forum, Sekretariati i K\u00ebshillit t\u00eb Investimeve u p\u00ebrfaq\u00ebsua nga znj. Diana Leka.<\/p>\n<p>N\u00eb fjal\u00ebn e saj znj. Diana Leka u shpreh se bazuar n\u00eb anketat dhe analizat e kryera nga Sekretariati, nj\u00eb nga problematikat kryesore t\u00eb biznesit mbetet aksesi n\u00eb financa. M\u00eb konkretisht, n\u00eb anket\u00ebn e organizuar nga Sekretariati i KI-s\u00eb (tetor \u2013 n\u00ebntor 2015) n\u00eb kuad\u00ebr t\u00eb Informalitetit n\u00eb Ekonomi, me pjes\u00ebmarrjen e rreth 100 kompanive, problemi kryesor doli &#8216;Qasja n\u00eb Financa&#8217;, e ndjekur nga ajo fiskale. paket\u00ebn dhe numrin e taksave. N\u00eb p\u00ebrfundim, znj. Leka ngriti disa pyetje p\u00ebr diskutim n\u00eb lidhje me arsyet pse ka nj\u00eb nivel jo t\u00eb k\u00ebnaqsh\u00ebm kreditimi n\u00eb Shqip\u00ebri.<\/p>\n<p>Ky forum sh\u00ebrbeu si nj\u00eb platform\u00eb p\u00ebr t\u00eb shk\u00ebmbyer mendime dhe p\u00ebr t\u00eb paraqitur q\u00ebndrime n\u00eb lidhje me problemet kryesore t\u00eb sektorit bankar dhe financiar n\u00eb vend.<\/p>\n<p>&nbsp;<\/p>\n","protected":false},"excerpt":{"rendered":"<p>N\u00eb dat\u00ebn 23 qershor 2016 u zhvillua Forumi IV Financiar i organizuar nga Banka e Shqip\u00ebris\u00eb dhe Fondi Monetar Nd\u00ebrkomb\u00ebtar, n\u00ebn kujdesin e ve\u00e7ant\u00eb t\u00eb Guvernatorit t\u00eb Bank\u00ebs s\u00eb Shqip\u00ebris\u00eb, z. Gent Sejko. Diskutimi k\u00ebt\u00eb vit u fokusua n\u00eb rivitalizimin e kreditimit, n\u00eb mb\u00ebshtetje t\u00eb rritjes s\u00eb q\u00ebndrueshme ekonomike. N\u00eb forum mor\u00ebn pjes\u00eb zyrtar\u00eb t\u00eb [&hellip;]<\/p>\n","protected":false},"author":1,"featured_media":4963,"comment_status":"closed","ping_status":"closed","sticky":false,"template":"","format":"standard","meta":{"footnotes":""},"categories":[94,30,37],"tags":[108,12,123],"class_list":["post-6396","post","type-post","status-publish","format-standard","has-post-thumbnail","hentry","category-advocacy-2016","category-publication-2016","category-uncategorized-sq","tag-avokim-2016","tag-feature","tag-feature-2"],"acf":[],"_links":{"self":[{"href":"https:\/\/www.investment.com.al\/sq\/wp-json\/wp\/v2\/posts\/6396","targetHints":{"allow":["GET"]}}],"collection":[{"href":"https:\/\/www.investment.com.al\/sq\/wp-json\/wp\/v2\/posts"}],"about":[{"href":"https:\/\/www.investment.com.al\/sq\/wp-json\/wp\/v2\/types\/post"}],"author":[{"embeddable":true,"href":"https:\/\/www.investment.com.al\/sq\/wp-json\/wp\/v2\/users\/1"}],"replies":[{"embeddable":true,"href":"https:\/\/www.investment.com.al\/sq\/wp-json\/wp\/v2\/comments?post=6396"}],"version-history":[{"count":2,"href":"https:\/\/www.investment.com.al\/sq\/wp-json\/wp\/v2\/posts\/6396\/revisions"}],"predecessor-version":[{"id":7414,"href":"https:\/\/www.investment.com.al\/sq\/wp-json\/wp\/v2\/posts\/6396\/revisions\/7414"}],"wp:featuredmedia":[{"embeddable":true,"href":"https:\/\/www.investment.com.al\/sq\/wp-json\/wp\/v2\/media\/4963"}],"wp:attachment":[{"href":"https:\/\/www.investment.com.al\/sq\/wp-json\/wp\/v2\/media?parent=6396"}],"wp:term":[{"taxonomy":"category","embeddable":true,"href":"https:\/\/www.investment.com.al\/sq\/wp-json\/wp\/v2\/categories?post=6396"},{"taxonomy":"post_tag","embeddable":true,"href":"https:\/\/www.investment.com.al\/sq\/wp-json\/wp\/v2\/tags?post=6396"}],"curies":[{"name":"wp","href":"https:\/\/api.w.org\/{rel}","templated":true}]}}